{"id":137712,"date":"2022-01-04T17:18:03","date_gmt":"2022-01-04T22:18:03","guid":{"rendered":"https:\/\/linitiative.ca\/International\/agriculture-objectifs-atteints-pour-le-plan-maroc-vert-chef-du-gouvernement\/"},"modified":"2022-01-04T17:18:03","modified_gmt":"2022-01-04T22:18:03","slug":"agriculture-objectifs-atteints-pour-le-plan-maroc-vert-chef-du-gouvernement","status":"publish","type":"post","link":"https:\/\/linitiative.ca\/International\/agriculture-objectifs-atteints-pour-le-plan-maroc-vert-chef-du-gouvernement\/","title":{"rendered":"Agriculture: objectifs atteints pour le Plan Maroc vert (chef du gouvernement)"},"content":{"rendered":"<div>\n<p><img decoding=\"async\" width=\"315\" height=\"160\" src=\"https:\/\/linitiative.ca\/International\/wp-content\/uploads\/sites\/23\/2022\/01\/16413346831374.jpg\" class=\"attachment-post-thumbnail size-post-thumbnail wp-post-image\" alt=\"\" loading=\"lazy\" srcset=\"https:\/\/linitiative.ca\/International\/wp-content\/uploads\/sites\/23\/2022\/01\/16413346831374.jpg 315w, https:\/\/www.journalducameroun.com\/wp-content\/uploads\/2022\/01\/16413346831374-300x152.jpg 300w\" sizes=\"auto, (max-width: 315px) 100vw, 315px\"><\/p>\n<p>Objectifs atteints pour le Plan Maroc Vert (PVM), lanc\u00e9 en 2008 pour faire du secteur agricole marocain un levier de croissance du pays.C&rsquo;est ce que le chef du gouvernement, Aziz Akhannouch, a affirm\u00e9 ce mardi \u00e0 la Chambre des conseillers o\u00f9 s&rsquo;est tenue la s\u00e9ance pl\u00e9ni\u00e8re mensuelle au th\u00e8me \u00ab\u00a0Le plan G\u00e9n\u00e9ration Green et les enjeux du d\u00e9veloppement rural et de la justice sociale\u00a0\u00bb.<\/p>\n<p>\u00ab\u00a0Dix ans apr\u00e8s son lancement, le Plan Maroc Vert (PMV) a atteint l&rsquo;ambition et les objectifs escompt\u00e9s, constituant ainsi un levier essentiel de d\u00e9veloppement du monde rural au cours de la derni\u00e8re d\u00e9cennie\u00a0\u00bb, a-t-il indiqu\u00e9.<\/p>\n<p>Akhannouch a expliqu\u00e9 que \u00ab\u00a0depuis son lancement en 2008 par le Roi, le Plan Maroc vert a constitu\u00e9 un v\u00e9ritable m\u00e9canisme de d\u00e9veloppement \u00e9conomique et social, notamment au profit des diff\u00e9rentes cat\u00e9gories d&rsquo;agriculteurs qui forment l&rsquo;essentiel de la population rurale\u00a0\u00bb.<\/p>\n<p>Chiffres \u00e0 l&rsquo;appui, Akhannouch a pr\u00e9cis\u00e9 que sur le plan \u00e9conomique, le produit int\u00e9rieur brut agricole a augment\u00e9 de 5,25% en moyenne annuelle, contre 3,8% pour les autres secteurs. En termes de cr\u00e9ation de richesse, elle a doubl\u00e9 passant de 65 milliards de dirhams (6,2 milliards d&rsquo;euros) en 2008 \u00e0 125 milliards de DH (19,7 milliards d&rsquo;euros) \u00e0 fin 2018.<\/p>\n<p>Par ailleurs, la contribution du secteur agricole aux points de croissance \u00e9conomique nationale \u00e0 hauteur de 17,3% au cours de la p\u00e9riode allant de 2008 \u00e0 2018, au lieu de 7,3% enregistr\u00e9s au cours de la p\u00e9riode 1998-2008.<\/p>\n<p>\tLe secteur contribue \u00e9galement, selon Akhannouch, \u00e0 hauteur de 13% du produit int\u00e9rieur brut et 13% des exportations, lesquelles se sont \u00e9lev\u00e9es en 2019 \u00e0 environ 40 milliards de DH, soit 2,8 fois la valeur enregistr\u00e9e en 2009 (14,2 MMDH).<\/p>\n<p>Sur le plan social, le Chef du gouvernement a soulign\u00e9 que le PMV a plac\u00e9 les petits et moyens agriculteurs au centre de tous ses programmes et interventions, faisant savoir que plus de 43 milliards de DH d&rsquo;investissements ont \u00e9t\u00e9 adress\u00e9s \u00e0 cette cat\u00e9gorie. De m\u00eame, plus de 733.000 personnes ont b\u00e9n\u00e9fici\u00e9 des projets du second pilier, \u00e0 travers 989 projets ayant mobilis\u00e9 un budget de 14,5 milliards de DH.<\/p>\n<p>Les programmes d&rsquo;am\u00e9nagement hydro-agricoles ont aussi particip\u00e9 \u00e0 l&rsquo;am\u00e9lioration des revenus de plus de 190.000 petits et moyens agriculteurs, r\u00e9alisant une valeur ajout\u00e9e pour chaque hectare irrigu\u00e9 comprise entre 5.000 et 10.000 dirhams par an, a poursuivi le Chef du gouvernement.<\/p>\n<p>Le PMV a \u00e9galement permis la cr\u00e9ation de 342.000 emplois suppl\u00e9mentaires, ainsi que l&rsquo;augmentation du nombre de jours de travail par an pour chaque travailleur, qui est pass\u00e9 de 110 \u00e0 140 jours\/an, gr\u00e2ce \u00e0 l&rsquo;expansion des espaces cultiv\u00e9s, la diversification des cultures et l&rsquo;am\u00e9lioration de la production, a-t-il not\u00e9, soulignant que le secteur repr\u00e9sente plus de 72% de l&#8217;emploi rural et contribue \u00e0 la promotion de l&#8217;emploi et des revenus et \u00e0 la lutte contre la pauvret\u00e9 en milieu rural.<\/p>\n<p>Cet article <a rel=\"nofollow\" href=\"https:\/\/www.journalducameroun.com\/agriculture-objectifs-atteints-pour-le-plan-maroc-vert-chef-du-gouvernement\/\">Agriculture: objectifs atteints pour le Plan Maroc vert (chef du gouvernement)<\/a> est apparu en premier sur <a rel=\"nofollow\" href=\"https:\/\/www.journalducameroun.com\/\">Journal du Cameroun<\/a>.<\/p>\n<\/div>\n<p>Auteur: APA News<br \/>\n<a href=\"https:\/\/www.journalducameroun.com\/agriculture-objectifs-atteints-pour-le-plan-maroc-vert-chef-du-gouvernement\/\">Cliquez ici pour lire l&rsquo;article depuis sa source.<\/a><\/p>\n","protected":false},"excerpt":{"rendered":"<p>Objectifs atteints pour le Plan Maroc Vert (PVM), lanc\u00e9 en 2008 pour faire du secteur agricole marocain un levier de croissance du pays.C&rsquo;est ce que le chef du gouvernement, Aziz Akhannouch, a affirm\u00e9 ce mardi \u00e0 la Chambre des conseillers o\u00f9 s&rsquo;est tenue la s\u00e9ance pl\u00e9ni\u00e8re mensuelle au th\u00e8me \u00ab\u00a0Le plan G\u00e9n\u00e9ration Green et les [&hellip;]<\/p>\n","protected":false},"author":1965,"featured_media":0,"comment_status":"closed","ping_status":"closed","sticky":false,"template":"","format":"standard","meta":{"fifu_image_url":"https:\/\/www.journalducameroun.com\/wp-content\/uploads\/2022\/01\/16413346831374.jpg","fifu_image_alt":"Agriculture: objectifs atteints pour le Plan Maroc vert (chef du gouvernement)","footnotes":""},"categories":[73,82],"tags":[],"class_list":["post-137712","post","type-post","status-publish","format-standard","hentry","category-actualite","category-cameroun"],"_links":{"self":[{"href":"https:\/\/linitiative.ca\/International\/wp-json\/wp\/v2\/posts\/137712","targetHints":{"allow":["GET"]}}],"collection":[{"href":"https:\/\/linitiative.ca\/International\/wp-json\/wp\/v2\/posts"}],"about":[{"href":"https:\/\/linitiative.ca\/International\/wp-json\/wp\/v2\/types\/post"}],"author":[{"embeddable":true,"href":"https:\/\/linitiative.ca\/International\/wp-json\/wp\/v2\/users\/1965"}],"replies":[{"embeddable":true,"href":"https:\/\/linitiative.ca\/International\/wp-json\/wp\/v2\/comments?post=137712"}],"version-history":[{"count":0,"href":"https:\/\/linitiative.ca\/International\/wp-json\/wp\/v2\/posts\/137712\/revisions"}],"wp:attachment":[{"href":"https:\/\/linitiative.ca\/International\/wp-json\/wp\/v2\/media?parent=137712"}],"wp:term":[{"taxonomy":"category","embeddable":true,"href":"https:\/\/linitiative.ca\/International\/wp-json\/wp\/v2\/categories?post=137712"},{"taxonomy":"post_tag","embeddable":true,"href":"https:\/\/linitiative.ca\/International\/wp-json\/wp\/v2\/tags?post=137712"}],"curies":[{"name":"wp","href":"https:\/\/api.w.org\/{rel}","templated":true}]}}