{"id":137714,"date":"2022-01-04T17:18:03","date_gmt":"2022-01-04T22:18:03","guid":{"rendered":"https:\/\/linitiative.ca\/International\/maroc-fes-la-capitale-spirituelle-celebre-sa-journee-annuelle\/"},"modified":"2022-01-04T17:18:03","modified_gmt":"2022-01-04T22:18:03","slug":"maroc-fes-la-capitale-spirituelle-celebre-sa-journee-annuelle","status":"publish","type":"post","link":"https:\/\/linitiative.ca\/International\/maroc-fes-la-capitale-spirituelle-celebre-sa-journee-annuelle\/","title":{"rendered":"Maroc : F\u00e8s, la capitale spirituelle c\u00e9l\u00e8bre sa journ\u00e9e annuelle"},"content":{"rendered":"<div>\n<p><img decoding=\"async\" width=\"746\" height=\"380\" src=\"https:\/\/linitiative.ca\/International\/wp-content\/uploads\/sites\/23\/2022\/01\/16413346832765.jpg\" class=\"attachment-post-thumbnail size-post-thumbnail wp-post-image\" alt=\"\" loading=\"lazy\" srcset=\"https:\/\/linitiative.ca\/International\/wp-content\/uploads\/sites\/23\/2022\/01\/16413346832765.jpg 746w, https:\/\/www.journalducameroun.com\/wp-content\/uploads\/2022\/01\/16413346832765-300x153.jpg 300w, https:\/\/www.journalducameroun.com\/wp-content\/uploads\/2022\/01\/16413346832765-600x306.jpg 600w\" sizes=\"auto, (max-width: 746px) 100vw, 746px\"><\/p>\n<p>Riche de ses douze si\u00e8cles d&rsquo;existence et de son rayonnement mondial, la capitale spirituelle du Royaume a c\u00e9l\u00e9br\u00e9, ce mardi, sa journ\u00e9e annuelle proclam\u00e9e en janvier 2011 et qui co\u00efncide avec la pose en l&rsquo;an 808 de ses premi\u00e8res fondations.R\u00e9put\u00e9e mondialement comme cit\u00e9 gardienne de son patrimoine, ouverte sur le monde et attach\u00e9e \u00e0 son style de vie, la ville de F\u00e8s, capitale spirituelle du Maroc a rendez-vous le 4 du mois de janvier de chaque ann\u00e9e avec cette journ\u00e9e, devenue au fil des ans une messe publique de d\u00e9bat, de questionnement et d&rsquo;initiatives.<\/p>\n<p>Class\u00e9e patrimoine mondial de l&rsquo;humanit\u00e9 par l&rsquo;UNESCO, la cit\u00e9 Idrisside subjugue par la profusion de ses monuments, dont ses 9.000 maisons historiques, ses 11 medersas, ses 43 \u00e9coles coraniques, ses 83 mausol\u00e9es et ses 176 mosqu\u00e9es, son universit\u00e9 Al Quaraouiyine, outre ses 1.200 ateliers d&rsquo;artisanat d&rsquo;art et ses grandes tanneries traditionnelles. La cit\u00e9, un espace d&rsquo;art et de culture et de spiritualit\u00e9 par excellence, constitue bel et bien un mod\u00e8le vivant de la ville m\u00e9diterran\u00e9enne et arabo-musulmane. Aux splendides Borjs et pittoresques murailles, F\u00e8s tente d\u00e9sormais tant bien que mal \u00e0 retrouver son lustre d&rsquo;antan et \u00e0 relever les d\u00e9fis pour assurer son d\u00e9veloppement local et favoriser son d\u00e9collage \u00e9conomique.<\/p>\n<p>La Journ\u00e9e annuelle de F\u00e8s, institu\u00e9e depuis l&rsquo;ann\u00e9e 2011, \u00e0 l&rsquo;initiative de nombreuses associations de la soci\u00e9t\u00e9 civile actives dans les domaines de la pr\u00e9servation du patrimoine, de la protection de l&rsquo;environnement et de la diffusion des valeurs de citoyennet\u00e9, demeure une opportunit\u00e9 de mobilisation et d&rsquo;examen des m\u00e9canismes \u00e0 m\u00eame d&rsquo;\u00e9laborer une vision prospective de la ville, d&rsquo;accompagner son expansion urbanistique et la remettre sur les rails du d\u00e9veloppement durable.<\/p>\n<p>Cet article <a rel=\"nofollow\" href=\"https:\/\/www.journalducameroun.com\/maroc-fes-la-capitale-spirituelle-celebre-sa-journee-annuelle\/\">Maroc : F\u00e8s, la capitale spirituelle c\u00e9l\u00e8bre sa journ\u00e9e annuelle<\/a> est apparu en premier sur <a rel=\"nofollow\" href=\"https:\/\/www.journalducameroun.com\/\">Journal du Cameroun<\/a>.<\/p>\n<\/div>\n<p>Auteur: APA News<br \/>\n<a href=\"https:\/\/www.journalducameroun.com\/maroc-fes-la-capitale-spirituelle-celebre-sa-journee-annuelle\/\">Cliquez ici pour lire l&rsquo;article depuis sa source.<\/a><\/p>\n","protected":false},"excerpt":{"rendered":"<p>Riche de ses douze si\u00e8cles d&rsquo;existence et de son rayonnement mondial, la capitale spirituelle du Royaume a c\u00e9l\u00e9br\u00e9, ce mardi, sa journ\u00e9e annuelle proclam\u00e9e en janvier 2011 et qui co\u00efncide avec la pose en l&rsquo;an 808 de ses premi\u00e8res fondations.R\u00e9put\u00e9e mondialement comme cit\u00e9 gardienne de son patrimoine, ouverte sur le monde et attach\u00e9e \u00e0 son [&hellip;]<\/p>\n","protected":false},"author":1965,"featured_media":0,"comment_status":"closed","ping_status":"closed","sticky":false,"template":"","format":"standard","meta":{"fifu_image_url":"https:\/\/www.journalducameroun.com\/wp-content\/uploads\/2022\/01\/16413346832765.jpg","fifu_image_alt":"Maroc : F\u00e8s, la capitale spirituelle c\u00e9l\u00e8bre sa journ\u00e9e annuelle","footnotes":""},"categories":[73,82],"tags":[],"class_list":["post-137714","post","type-post","status-publish","format-standard","hentry","category-actualite","category-cameroun"],"_links":{"self":[{"href":"https:\/\/linitiative.ca\/International\/wp-json\/wp\/v2\/posts\/137714","targetHints":{"allow":["GET"]}}],"collection":[{"href":"https:\/\/linitiative.ca\/International\/wp-json\/wp\/v2\/posts"}],"about":[{"href":"https:\/\/linitiative.ca\/International\/wp-json\/wp\/v2\/types\/post"}],"author":[{"embeddable":true,"href":"https:\/\/linitiative.ca\/International\/wp-json\/wp\/v2\/users\/1965"}],"replies":[{"embeddable":true,"href":"https:\/\/linitiative.ca\/International\/wp-json\/wp\/v2\/comments?post=137714"}],"version-history":[{"count":0,"href":"https:\/\/linitiative.ca\/International\/wp-json\/wp\/v2\/posts\/137714\/revisions"}],"wp:attachment":[{"href":"https:\/\/linitiative.ca\/International\/wp-json\/wp\/v2\/media?parent=137714"}],"wp:term":[{"taxonomy":"category","embeddable":true,"href":"https:\/\/linitiative.ca\/International\/wp-json\/wp\/v2\/categories?post=137714"},{"taxonomy":"post_tag","embeddable":true,"href":"https:\/\/linitiative.ca\/International\/wp-json\/wp\/v2\/tags?post=137714"}],"curies":[{"name":"wp","href":"https:\/\/api.w.org\/{rel}","templated":true}]}}