{"id":137740,"date":"2022-01-04T13:00:00","date_gmt":"2022-01-04T18:00:00","guid":{"rendered":"https:\/\/linitiative.ca\/International\/mort-a-72-ans-de-igor-bogdanoff-stars-de-la-television-francaise-des-annees-80\/"},"modified":"2022-01-04T13:00:00","modified_gmt":"2022-01-04T18:00:00","slug":"mort-a-72-ans-de-igor-bogdanoff-stars-de-la-television-francaise-des-annees-80","status":"publish","type":"post","link":"https:\/\/linitiative.ca\/International\/mort-a-72-ans-de-igor-bogdanoff-stars-de-la-television-francaise-des-annees-80\/","title":{"rendered":"Mort \u00e0 72 ans de Igor Bogdanoff, stars de la t\u00e9l\u00e9vision fran\u00e7aise des ann\u00e9es 80"},"content":{"rendered":"<div>\n<p class=\"has-text-align-center has-vivid-red-color has-text-color\"><strong>Six jours apr\u00e8s son fr\u00e8re jumeau Grichka<\/strong><\/p>\n<p class=\"has-text-align-left has-black-color has-text-color\"><strong>Igor Bogdanoff est mort lundi \u00e0 l\u2019\u00e2ge de 72 ans, moins d\u2019une semaine apr\u00e8s son fr\u00e8re Grichka, tous deux des suites d\u2019une contamination au Covid-19 selon des proches: les jumeaux furent des stars de la t\u00e9l\u00e9vision des ann\u00e9es 80 pour avoir lanc\u00e9 la premi\u00e8re \u00e9mission de science-fiction en France.<\/strong><\/p>\n<p class=\"has-text-align-left has-black-color has-text-color\">\u00ab\u00a0Dans la paix et l\u2019amour, entour\u00e9 de ses enfants et de sa famille, Igor Bogdanoff est parti vers la lumi\u00e8re lundi 3 janvier 2022\u00a0\u00bb, ont \u00e9crit ses proches dans un message transmis par son agent.<br \/>La famille n\u2019a pas souhait\u00e9 communiquer sur les causes de la mort d\u2019Igor Bogdanoff, survenue lundi apr\u00e8s-midi dans un h\u00f4pital parisien.<\/p>\n<p class=\"has-text-align-left has-black-color has-text-color\">Son fr\u00e8re jumeau Grichka \u00e9tait mort le 28 d\u00e9cembre, apr\u00e8s plusieurs jours d\u2019hospitalisation et de coma. L\u00e0 aussi, la famille n\u2019avait pas souhait\u00e9 communiquer sur les causes de sa mort mais des proches avaient assur\u00e9 qu\u2019il n\u2019\u00e9tait pas vaccin\u00e9 et qu\u2019il \u00e9tait mort du Covid-19.<br \/>Peu apr\u00e8s la mort d\u2019Igor, l\u2019avocat des deux fr\u00e8res, Me Edouard de Lamaze, a confirm\u00e9 sur RTL que ce nouveau d\u00e9c\u00e8s \u00e9tait d\u00fb au Covid. A la question \u00ab\u00a0Est-il mort du Covid?\u00a0\u00bb, l\u2019avocat a r\u00e9pondu: \u00ab\u00a0Oui malheureusement\u00a0\u00bb. Il a en revanche refus\u00e9 de confirmer que Igor n\u2019\u00e9tait pas vaccin\u00e9, indiquant qu\u2019il \u00e9tait \u00ab\u00a0avocat, (\u2026) pas m\u00e9decin\u00a0\u00bb.<br \/>Igor Bogdanoff, p\u00e8re de six enfants n\u00e9s de plusieurs unions, \u00e9tait hospitalis\u00e9 depuis la mi-d\u00e9cembre, comme le fut son fr\u00e8re.<\/p>\n<p class=\"has-text-align-left has-black-color has-text-color\">Luc Ferry, professeur de philosophie et ancien ministre de l\u2019Education, ami des deux fr\u00e8res, avait assur\u00e9 au Parisien, au lendemain du d\u00e9c\u00e8s de Grichka, que les Bogdanoff n\u2019\u00e9taient pas vaccin\u00e9s. Il avait \u00e9galement confirm\u00e9 que Igor, positif au Covid-19, \u00e9tait alors en service de r\u00e9animation.<br \/>Rendus c\u00e9l\u00e8bres dans les ann\u00e9es 1980 par leur \u00e9mission de science-fiction \u00ab\u00a0Temps X\u00a0\u00bb sur TF1, o\u00f9 ils \u00e9voluaient dans un d\u00e9cor de vaisseau spatial avec des combinaisons futuristes, Igor et Grichka \u00e9taient devenus l\u2019objet de railleries pour leurs visages profond\u00e9ment transform\u00e9s qu\u2019ils qualifiaient eux-m\u00eames \u00ab\u00a0d\u2019extraterrestres\u00a0\u00bb<\/p>\n<p class=\"has-text-align-left has-black-color has-text-color\">Malgr\u00e9 les pol\u00e9miques, Grichka et Igor Bogdanoff ont pr\u00e9serv\u00e9 une notori\u00e9t\u00e9, notamment aupr\u00e8s des quadra et des quinquag\u00e9naires, qui suivaient leurs \u00e9missions lorsqu\u2019ils \u00e9taient enfants ou adolescents. Ces derni\u00e8res ann\u00e9es, ils \u00e9taient des invit\u00e9s r\u00e9currents de l\u2019\u00e9mission de Cyril Hanouna, \u00ab\u00a0Touche pas \u00e0 mon poste!\u00a0\u00bb.<br \/>Leurs ouvrages scientifiques ont suscit\u00e9 leur lot de controverses et leur ont valu les foudres d\u2019une partie de la communaut\u00e9 scientifique qui critiquait la \u00ab\u00a0faible valeur\u00a0\u00bb de leurs travaux.<\/p>\n<p class=\"has-text-align-left has-black-color has-text-color\">Ils avaient \u00e9t\u00e9 accus\u00e9s de plagiat par l\u2019astrophysicien am\u00e9ricain Trinh Xuan Thuan pour l\u2019une de leurs publications les plus connues, \u00ab\u00a0Dieu et la science\u00a0\u00bb, entretien avec le philosophe Jean Guitton (1991).<br \/>En 2010, l\u2019hebdomadaire Marianne a publi\u00e9 des extraits d\u2019un rapport du CNRS selon lequel les th\u00e8ses et d\u2019autres articles des deux fr\u00e8res, n\u2019ont \u00ab\u00a0pas de valeur scientifique\u00a0\u00bb. En 2012, 170 scientifiques ont revendiqu\u00e9 leur \u00ab\u00a0droit au bl\u00e2me\u00a0\u00bb apr\u00e8s la condamnation d\u2019un chercheur du CNRS critiquant des \u00e9crits des jumeaux.<br \/>Marianne sera condamn\u00e9 pour diffamation en 2014 mais, peu apr\u00e8s, les fr\u00e8res seront en revanche d\u00e9bout\u00e9s d\u2019une action engag\u00e9e aupr\u00e8s du tribunal administratif de Paris contre le CNRS.<\/p>\n<p class=\"has-text-align-left has-black-color has-text-color\">Beaucoup de myst\u00e8re entoure la biographie des jumeaux qui ont rencontr\u00e9 de nombreux ennuis judiciaires. R\u00e9cemment encore, ceux-ci ont entach\u00e9 leur projet de reprise de leur \u00e9mission culte \u00ab\u00a0Temps X\u00a0\u00bb avec le groupe Canal.<br \/>Les deux fr\u00e8res avaient \u00e9t\u00e9 renvoy\u00e9s en correctionnelle pour \u00ab\u00a0escroquerie sur personne vuln\u00e9rable\u00a0\u00bb. Le proc\u00e8s devait avoir lieu les 20, 21 et 27 janvier 2022. Ils \u00e9taient accus\u00e9s d\u2019avoir escroqu\u00e9 un millionnaire souffrant de troubles bipolaires pour r\u00e9gler leurs d\u00e9boires financiers et relancer l\u2019\u00e9mission \u00ab\u00a0Temps X\u00a0\u00bb.<br \/>La victime, Cyrille P., un ancien h\u00f4telier fortun\u00e9 de 53 ans souffrant de troubles bipolaires depuis plusieurs ann\u00e9es, s\u2019est suicid\u00e9e le 31 ao\u00fbt 2018, au plus fort de l\u2019enqu\u00eate, depuis les falaises d\u2019Etretat (Seine-Maritime).<\/p>\n<p>L\u2019article <a rel=\"nofollow\" href=\"http:\/\/albayane.press.ma\/mort-a-72-ans-de-igor-bogdanoff-stars-de-la-television-francaise-des-annees-80.html\">Mort \u00e0 72 ans de Igor Bogdanoff, stars de la t\u00e9l\u00e9vision fran\u00e7aise des ann\u00e9es 80<\/a> est apparu en premier sur <a rel=\"nofollow\" href=\"http:\/\/albayane.press.ma\/\">ALBAYANE<\/a>.<\/p>\n<\/div>\n<p>Auteur: M&rsquo;hammed rahal<br \/>\n<a href=\"http:\/\/albayane.press.ma\/mort-a-72-ans-de-igor-bogdanoff-stars-de-la-television-francaise-des-annees-80.html\">Cliquez ici pour lire l&rsquo;article depuis sa source.<\/a><\/p>\n","protected":false},"excerpt":{"rendered":"<p>Six jours apr\u00e8s son fr\u00e8re jumeau Grichka Igor Bogdanoff est mort lundi \u00e0 l\u2019\u00e2ge de 72 ans, moins d\u2019une semaine apr\u00e8s son fr\u00e8re Grichka, tous deux des suites d\u2019une contamination au Covid-19 selon des proches: les jumeaux furent des stars de la t\u00e9l\u00e9vision des ann\u00e9es 80 pour avoir lanc\u00e9 la premi\u00e8re \u00e9mission de science-fiction en [&hellip;]<\/p>\n","protected":false},"author":1760,"featured_media":0,"comment_status":"closed","ping_status":"closed","sticky":false,"template":"","format":"standard","meta":{"fifu_image_url":"","fifu_image_alt":"","footnotes":""},"categories":[73,54],"tags":[],"class_list":["post-137740","post","type-post","status-publish","format-standard","hentry","category-actualite","category-maroc"],"_links":{"self":[{"href":"https:\/\/linitiative.ca\/International\/wp-json\/wp\/v2\/posts\/137740","targetHints":{"allow":["GET"]}}],"collection":[{"href":"https:\/\/linitiative.ca\/International\/wp-json\/wp\/v2\/posts"}],"about":[{"href":"https:\/\/linitiative.ca\/International\/wp-json\/wp\/v2\/types\/post"}],"author":[{"embeddable":true,"href":"https:\/\/linitiative.ca\/International\/wp-json\/wp\/v2\/users\/1760"}],"replies":[{"embeddable":true,"href":"https:\/\/linitiative.ca\/International\/wp-json\/wp\/v2\/comments?post=137740"}],"version-history":[{"count":0,"href":"https:\/\/linitiative.ca\/International\/wp-json\/wp\/v2\/posts\/137740\/revisions"}],"wp:attachment":[{"href":"https:\/\/linitiative.ca\/International\/wp-json\/wp\/v2\/media?parent=137740"}],"wp:term":[{"taxonomy":"category","embeddable":true,"href":"https:\/\/linitiative.ca\/International\/wp-json\/wp\/v2\/categories?post=137740"},{"taxonomy":"post_tag","embeddable":true,"href":"https:\/\/linitiative.ca\/International\/wp-json\/wp\/v2\/tags?post=137740"}],"curies":[{"name":"wp","href":"https:\/\/api.w.org\/{rel}","templated":true}]}}