{"id":137741,"date":"2022-01-04T13:00:00","date_gmt":"2022-01-04T18:00:00","guid":{"rendered":"https:\/\/linitiative.ca\/International\/pas-de-4e-dose-de-vaccin-anti-covid-sans-davantage-de-donnees\/"},"modified":"2022-01-04T13:00:00","modified_gmt":"2022-01-04T18:00:00","slug":"pas-de-4e-dose-de-vaccin-anti-covid-sans-davantage-de-donnees","status":"publish","type":"post","link":"https:\/\/linitiative.ca\/International\/pas-de-4e-dose-de-vaccin-anti-covid-sans-davantage-de-donnees\/","title":{"rendered":"Pas de 4e dose de vaccin anti-covid sans davantage de donn\u00e9es"},"content":{"rendered":"<div>\n<p class=\"has-text-align-center has-vivid-red-color has-text-color\"><strong>Royaume-Uni<\/strong><\/p>\n<p class=\"has-black-color has-text-color\"><strong>La quatri\u00e8me dose de vaccins anti-Covid ne devraient pas \u00eatre propos\u00e9e tant qu\u2019il n\u2019y a pas plus de donn\u00e9es sur son utilit\u00e9 et son efficacit\u00e9, a indiqu\u00e9, mardi, le chef de l\u2019organisme britannique charg\u00e9 des vaccins, le professeur Andrew Pollard.<\/strong><\/p>\n<p class=\"has-black-color has-text-color\">Dans une interview accord\u00e9e au Telegraph, le pr\u00e9sident du Comit\u00e9 conjoint pour la vaccination et l\u2019immunisation (JCVI) a soulign\u00e9 que l\u2019administration de vaccins de rappels tous les six mois n\u2019\u00e9tait \u00ab\u00a0pas viable\u00a0\u00bb, ajoutant que \u00ab\u00a0nous devons cibler les personnes vuln\u00e9rables\u00a0\u00bb \u00e0 l\u2019avenir, plut\u00f4t que de donner des rappels \u00e0 tous les plus de 12 ans.<br \/>Il ne sert \u00e0 rien d\u2019essayer de stopper toutes les infections, \u00ab\u00a0\u00e0 un moment donn\u00e9, la soci\u00e9t\u00e9 doit s\u2019ouvrir\u00a0\u00bb, a-t-il ajout\u00e9.\u00a0 S\u2019exprimant \u00e0 l\u2019occasion du premier anniversaire du d\u00e9ploiement du vaccin d\u2019AstraZeneca, M. Pollard a estim\u00e9 que \u00ab\u00a0le pire est derri\u00e8re nous. Nous devons juste passer l\u2019hiver\u00a0\u00bb.<\/p>\n<p class=\"has-black-color has-text-color\">Alors qu\u2019il a formul\u00e9 le v\u0153u de voir \u00ab\u00a0les confinements rel\u00e9gu\u00e9s aux oubliettes\u00a0\u00bb, M. Pollard a pr\u00e9cis\u00e9 que lorsque toutes les restrictions seront lev\u00e9es, il y aura une p\u00e9riode avec une augmentation significative des infections. Voil\u00e0 pourquoi l\u2019hiver n\u2019est pas le meilleur moment de le faire. \u00ab\u00a0Mais c\u2019est une d\u00e9cision qui appartient aux d\u00e9cideurs politiques, pas aux scientifiques. Nous devons changer d\u2019approche et nous appuyer sur les vaccins et les rappels. Le plus grand risque reste celui des personnes non vaccin\u00e9es\u00a0\u00bb, a-t-il dit.\u00a0 Les commentaires de d\u2019Andrew Pollard interviennent alors que l\u2019Angleterre et le Pays de Galles reprennent le travail apr\u00e8s les vacances de fin d\u2019ann\u00e9e et que les \u00e9coles reprennent leurs activit\u00e9s, en d\u00e9pit des craintes de la propagation du variant Omicron.<\/p>\n<p class=\"has-black-color has-text-color\">Le gouvernement britannique compte se r\u00e9unir pour mettre en place un plan visant \u00e0 maintenir l\u2019\u00e9conomie, les h\u00f4pitaux et les \u00e9coles en activit\u00e9 en acc\u00e9l\u00e9rant les tests de d\u00e9pistage pour 10 millions de travailleurs essentiels par l\u2019interm\u00e9diaire de leurs employeurs.<\/p>\n<p>L\u2019article <a rel=\"nofollow\" href=\"http:\/\/albayane.press.ma\/pas-de-4e-dose-de-vaccin-anti-covid-sans-davantage-de-donnees.html\">Pas de 4e dose de vaccin anti-covid sans davantage de donn\u00e9es<\/a> est apparu en premier sur <a rel=\"nofollow\" href=\"http:\/\/albayane.press.ma\/\">ALBAYANE<\/a>.<\/p>\n<\/div>\n<p>Auteur: M&rsquo;hammed rahal<br \/>\n<a href=\"http:\/\/albayane.press.ma\/pas-de-4e-dose-de-vaccin-anti-covid-sans-davantage-de-donnees.html\">Cliquez ici pour lire l&rsquo;article depuis sa source.<\/a><\/p>\n","protected":false},"excerpt":{"rendered":"<p>Royaume-Uni La quatri\u00e8me dose de vaccins anti-Covid ne devraient pas \u00eatre propos\u00e9e tant qu\u2019il n\u2019y a pas plus de donn\u00e9es sur son utilit\u00e9 et son efficacit\u00e9, a indiqu\u00e9, mardi, le chef de l\u2019organisme britannique charg\u00e9 des vaccins, le professeur Andrew Pollard. Dans une interview accord\u00e9e au Telegraph, le pr\u00e9sident du Comit\u00e9 conjoint pour la vaccination [&hellip;]<\/p>\n","protected":false},"author":1760,"featured_media":0,"comment_status":"closed","ping_status":"closed","sticky":false,"template":"","format":"standard","meta":{"fifu_image_url":"","fifu_image_alt":"","footnotes":""},"categories":[73,54],"tags":[],"class_list":["post-137741","post","type-post","status-publish","format-standard","hentry","category-actualite","category-maroc"],"_links":{"self":[{"href":"https:\/\/linitiative.ca\/International\/wp-json\/wp\/v2\/posts\/137741","targetHints":{"allow":["GET"]}}],"collection":[{"href":"https:\/\/linitiative.ca\/International\/wp-json\/wp\/v2\/posts"}],"about":[{"href":"https:\/\/linitiative.ca\/International\/wp-json\/wp\/v2\/types\/post"}],"author":[{"embeddable":true,"href":"https:\/\/linitiative.ca\/International\/wp-json\/wp\/v2\/users\/1760"}],"replies":[{"embeddable":true,"href":"https:\/\/linitiative.ca\/International\/wp-json\/wp\/v2\/comments?post=137741"}],"version-history":[{"count":0,"href":"https:\/\/linitiative.ca\/International\/wp-json\/wp\/v2\/posts\/137741\/revisions"}],"wp:attachment":[{"href":"https:\/\/linitiative.ca\/International\/wp-json\/wp\/v2\/media?parent=137741"}],"wp:term":[{"taxonomy":"category","embeddable":true,"href":"https:\/\/linitiative.ca\/International\/wp-json\/wp\/v2\/categories?post=137741"},{"taxonomy":"post_tag","embeddable":true,"href":"https:\/\/linitiative.ca\/International\/wp-json\/wp\/v2\/tags?post=137741"}],"curies":[{"name":"wp","href":"https:\/\/api.w.org\/{rel}","templated":true}]}}