{"id":137742,"date":"2022-01-05T10:43:00","date_gmt":"2022-01-05T15:43:00","guid":{"rendered":"https:\/\/linitiative.ca\/International\/des-medecins-denoncent-leurs-conditions-de-vie-podcast\/"},"modified":"2022-01-05T10:43:00","modified_gmt":"2022-01-05T15:43:00","slug":"des-medecins-denoncent-leurs-conditions-de-vie-podcast","status":"publish","type":"post","link":"https:\/\/linitiative.ca\/International\/des-medecins-denoncent-leurs-conditions-de-vie-podcast\/","title":{"rendered":"Des m\u00e9decins d\u00e9noncent leurs conditions de vie (Podcast)"},"content":{"rendered":"<div>Des m\u00e9decins sp\u00e9cialistes exer\u00e7ant \u00e0 l&rsquo;h\u00f4pital de Timimoun, vivent une situation pr\u00e9caire depuis le mois de mai dernier<\/div>\n<p>Auteur:<br \/>\n<a href=\"https:\/\/www.liberte-algerie.com\/actualite\/des-medecins-denoncent-leurs-conditions-de-vie-podcast-371108\">Cliquez ici pour lire l&rsquo;article depuis sa source.<\/a><\/p>\n","protected":false},"excerpt":{"rendered":"<p>Des m\u00e9decins sp\u00e9cialistes exer\u00e7ant \u00e0 l&rsquo;h\u00f4pital de Timimoun, vivent une situation pr\u00e9caire depuis le mois de mai dernier Auteur: Cliquez ici pour lire l&rsquo;article depuis sa source.<\/p>\n","protected":false},"author":1742,"featured_media":0,"comment_status":"closed","ping_status":"closed","sticky":false,"template":"","format":"standard","meta":{"fifu_image_url":"","fifu_image_alt":"","footnotes":""},"categories":[73,53],"tags":[],"class_list":["post-137742","post","type-post","status-publish","format-standard","hentry","category-actualite","category-algerie"],"_links":{"self":[{"href":"https:\/\/linitiative.ca\/International\/wp-json\/wp\/v2\/posts\/137742","targetHints":{"allow":["GET"]}}],"collection":[{"href":"https:\/\/linitiative.ca\/International\/wp-json\/wp\/v2\/posts"}],"about":[{"href":"https:\/\/linitiative.ca\/International\/wp-json\/wp\/v2\/types\/post"}],"author":[{"embeddable":true,"href":"https:\/\/linitiative.ca\/International\/wp-json\/wp\/v2\/users\/1742"}],"replies":[{"embeddable":true,"href":"https:\/\/linitiative.ca\/International\/wp-json\/wp\/v2\/comments?post=137742"}],"version-history":[{"count":0,"href":"https:\/\/linitiative.ca\/International\/wp-json\/wp\/v2\/posts\/137742\/revisions"}],"wp:attachment":[{"href":"https:\/\/linitiative.ca\/International\/wp-json\/wp\/v2\/media?parent=137742"}],"wp:term":[{"taxonomy":"category","embeddable":true,"href":"https:\/\/linitiative.ca\/International\/wp-json\/wp\/v2\/categories?post=137742"},{"taxonomy":"post_tag","embeddable":true,"href":"https:\/\/linitiative.ca\/International\/wp-json\/wp\/v2\/tags?post=137742"}],"curies":[{"name":"wp","href":"https:\/\/api.w.org\/{rel}","templated":true}]}}