{"id":137745,"date":"2022-01-05T11:33:03","date_gmt":"2022-01-05T16:33:03","guid":{"rendered":"https:\/\/linitiative.ca\/International\/maroc-allemagne-berlin-appelle-a-sceller-un-nouveau-partenariat\/"},"modified":"2022-01-05T11:33:03","modified_gmt":"2022-01-05T16:33:03","slug":"maroc-allemagne-berlin-appelle-a-sceller-un-nouveau-partenariat","status":"publish","type":"post","link":"https:\/\/linitiative.ca\/International\/maroc-allemagne-berlin-appelle-a-sceller-un-nouveau-partenariat\/","title":{"rendered":"Maroc &#8211; Allemagne: Berlin appelle \u00e0 \u00ab\u00a0sceller un nouveau partenariat\u00a0\u00bb"},"content":{"rendered":"<div>\n<div class=\"field field-name-body field-type-text-with-summary field-label-hidden\">\n<div class=\"field-items\">\n<div class=\"field-item even\" property=\"content:encoded\">\n<p class=\"rtejustify\">L&rsquo;Allemagne a appel\u00e9 \u00e0 sceller un nouveau partenariat avec le Maroc apr\u00e8s la p\u00e9riode de crise entre les deux pays. Dans un message adress\u00e9 au Roi Mohammed VI, Berlin \u00ab\u00a0salue les vastes r\u00e9formes men\u00e9es sous la conduite de Sa Majest\u00e9 le Roi\u00a0\u00bb Mohammed VI.<\/p>\n<\/div>\n<\/div>\n<\/div>\n<\/div>\n<p>Auteur: hgueye<br \/>\n<a href=\"https:\/\/www.leconomiste.com\/flash-infos\/maroc-allemagne-berlin-appelle-sceller-un-nouveau-partenariat\">Cliquez ici pour lire l&rsquo;article depuis sa source.<\/a><\/p>\n","protected":false},"excerpt":{"rendered":"<p>L&rsquo;Allemagne a appel\u00e9 \u00e0 sceller un nouveau partenariat avec le Maroc apr\u00e8s la p\u00e9riode de crise entre les deux pays. Dans un message adress\u00e9 au Roi Mohammed VI, Berlin \u00ab\u00a0salue les vastes r\u00e9formes men\u00e9es sous la conduite de Sa Majest\u00e9 le Roi\u00a0\u00bb Mohammed VI. Auteur: hgueye Cliquez ici pour lire l&rsquo;article depuis sa source.<\/p>\n","protected":false},"author":1763,"featured_media":0,"comment_status":"closed","ping_status":"closed","sticky":false,"template":"","format":"standard","meta":{"fifu_image_url":"","fifu_image_alt":"","footnotes":""},"categories":[78,54],"tags":[],"class_list":["post-137745","post","type-post","status-publish","format-standard","hentry","category-economie","category-maroc"],"_links":{"self":[{"href":"https:\/\/linitiative.ca\/International\/wp-json\/wp\/v2\/posts\/137745","targetHints":{"allow":["GET"]}}],"collection":[{"href":"https:\/\/linitiative.ca\/International\/wp-json\/wp\/v2\/posts"}],"about":[{"href":"https:\/\/linitiative.ca\/International\/wp-json\/wp\/v2\/types\/post"}],"author":[{"embeddable":true,"href":"https:\/\/linitiative.ca\/International\/wp-json\/wp\/v2\/users\/1763"}],"replies":[{"embeddable":true,"href":"https:\/\/linitiative.ca\/International\/wp-json\/wp\/v2\/comments?post=137745"}],"version-history":[{"count":0,"href":"https:\/\/linitiative.ca\/International\/wp-json\/wp\/v2\/posts\/137745\/revisions"}],"wp:attachment":[{"href":"https:\/\/linitiative.ca\/International\/wp-json\/wp\/v2\/media?parent=137745"}],"wp:term":[{"taxonomy":"category","embeddable":true,"href":"https:\/\/linitiative.ca\/International\/wp-json\/wp\/v2\/categories?post=137745"},{"taxonomy":"post_tag","embeddable":true,"href":"https:\/\/linitiative.ca\/International\/wp-json\/wp\/v2\/tags?post=137745"}],"curies":[{"name":"wp","href":"https:\/\/api.w.org\/{rel}","templated":true}]}}