{"id":137749,"date":"2022-01-05T06:38:00","date_gmt":"2022-01-05T11:38:00","guid":{"rendered":"https:\/\/linitiative.ca\/International\/la-selection-a-participe-a-sa-derniere-seance-dentrainement-avant-lamical-face-au-ghana\/"},"modified":"2022-01-05T06:38:00","modified_gmt":"2022-01-05T11:38:00","slug":"la-selection-a-participe-a-sa-derniere-seance-dentrainement-avant-lamical-face-au-ghana","status":"publish","type":"post","link":"https:\/\/linitiative.ca\/International\/la-selection-a-participe-a-sa-derniere-seance-dentrainement-avant-lamical-face-au-ghana\/","title":{"rendered":"La s\u00e9lection a particip\u00e9 \u00e0 sa derni\u00e8re s\u00e9ance d&rsquo;entrainement avant l&rsquo;amical face au Ghana"},"content":{"rendered":"<div>Ce mardi, les joueurs de l&rsquo;\u00e9quipe nationale ont particip\u00e9 \u00e0 leur derni\u00e8re s\u00e9ance d&rsquo;entrainement avant le match amical pr\u00e9vu ce mercredi face au Ghana (17h)<\/div>\n<p>Auteur:<br \/>\n<a href=\"https:\/\/www.lebuteur.com\/article\/detail?titre=la-selection-a-participe-a-sa-derniere-seance-dentrainement-avant-lamical-face-au-ghana&#038;id=101994\">Cliquez ici pour lire l&rsquo;article depuis sa source.<\/a><\/p>\n","protected":false},"excerpt":{"rendered":"<p>Ce mardi, les joueurs de l&rsquo;\u00e9quipe nationale ont particip\u00e9 \u00e0 leur derni\u00e8re s\u00e9ance d&rsquo;entrainement avant le match amical pr\u00e9vu ce mercredi face au Ghana (17h) Auteur: Cliquez ici pour lire l&rsquo;article depuis sa source.<\/p>\n","protected":false},"author":1738,"featured_media":0,"comment_status":"closed","ping_status":"closed","sticky":false,"template":"","format":"standard","meta":{"fifu_image_url":"","fifu_image_alt":"","footnotes":""},"categories":[53,75],"tags":[],"class_list":["post-137749","post","type-post","status-publish","format-standard","hentry","category-algerie","category-sport"],"_links":{"self":[{"href":"https:\/\/linitiative.ca\/International\/wp-json\/wp\/v2\/posts\/137749","targetHints":{"allow":["GET"]}}],"collection":[{"href":"https:\/\/linitiative.ca\/International\/wp-json\/wp\/v2\/posts"}],"about":[{"href":"https:\/\/linitiative.ca\/International\/wp-json\/wp\/v2\/types\/post"}],"author":[{"embeddable":true,"href":"https:\/\/linitiative.ca\/International\/wp-json\/wp\/v2\/users\/1738"}],"replies":[{"embeddable":true,"href":"https:\/\/linitiative.ca\/International\/wp-json\/wp\/v2\/comments?post=137749"}],"version-history":[{"count":0,"href":"https:\/\/linitiative.ca\/International\/wp-json\/wp\/v2\/posts\/137749\/revisions"}],"wp:attachment":[{"href":"https:\/\/linitiative.ca\/International\/wp-json\/wp\/v2\/media?parent=137749"}],"wp:term":[{"taxonomy":"category","embeddable":true,"href":"https:\/\/linitiative.ca\/International\/wp-json\/wp\/v2\/categories?post=137749"},{"taxonomy":"post_tag","embeddable":true,"href":"https:\/\/linitiative.ca\/International\/wp-json\/wp\/v2\/tags?post=137749"}],"curies":[{"name":"wp","href":"https:\/\/api.w.org\/{rel}","templated":true}]}}