{"id":137750,"date":"2022-01-05T07:03:00","date_gmt":"2022-01-05T12:03:00","guid":{"rendered":"https:\/\/linitiative.ca\/International\/can-2021-le-depart-au-cameroun-de-la-selection-du-senegal-reporte-a-cause-de-cas-de-covid\/"},"modified":"2022-01-05T07:03:00","modified_gmt":"2022-01-05T12:03:00","slug":"can-2021-le-depart-au-cameroun-de-la-selection-du-senegal-reporte-a-cause-de-cas-de-covid","status":"publish","type":"post","link":"https:\/\/linitiative.ca\/International\/can-2021-le-depart-au-cameroun-de-la-selection-du-senegal-reporte-a-cause-de-cas-de-covid\/","title":{"rendered":"CAN 2021 : Le d\u00e9part au Cameroun de la s\u00e9lection du S\u00e9n\u00e9gal report\u00e9 \u00e0 cause de cas de Covid"},"content":{"rendered":"<div>Le S\u00e9n\u00e9gal, qui jouera son premier match de la CAN lundi contre le Zimbabwe, a d\u00fb retarder son d\u00e9part au Cameroun<\/div>\n<p>Auteur:<br \/>\n<a href=\"https:\/\/www.lebuteur.com\/article\/detail?titre=can-2021-le-depart-au-cameroun-de-la-selection-du-senegal-reporte-a-cause-de-cas-de-covid&#038;id=101995\">Cliquez ici pour lire l&rsquo;article depuis sa source.<\/a><\/p>\n","protected":false},"excerpt":{"rendered":"<p>Le S\u00e9n\u00e9gal, qui jouera son premier match de la CAN lundi contre le Zimbabwe, a d\u00fb retarder son d\u00e9part au Cameroun Auteur: Cliquez ici pour lire l&rsquo;article depuis sa source.<\/p>\n","protected":false},"author":1738,"featured_media":0,"comment_status":"closed","ping_status":"closed","sticky":false,"template":"","format":"standard","meta":{"fifu_image_url":"","fifu_image_alt":"","footnotes":""},"categories":[53,75],"tags":[],"class_list":["post-137750","post","type-post","status-publish","format-standard","hentry","category-algerie","category-sport"],"_links":{"self":[{"href":"https:\/\/linitiative.ca\/International\/wp-json\/wp\/v2\/posts\/137750","targetHints":{"allow":["GET"]}}],"collection":[{"href":"https:\/\/linitiative.ca\/International\/wp-json\/wp\/v2\/posts"}],"about":[{"href":"https:\/\/linitiative.ca\/International\/wp-json\/wp\/v2\/types\/post"}],"author":[{"embeddable":true,"href":"https:\/\/linitiative.ca\/International\/wp-json\/wp\/v2\/users\/1738"}],"replies":[{"embeddable":true,"href":"https:\/\/linitiative.ca\/International\/wp-json\/wp\/v2\/comments?post=137750"}],"version-history":[{"count":0,"href":"https:\/\/linitiative.ca\/International\/wp-json\/wp\/v2\/posts\/137750\/revisions"}],"wp:attachment":[{"href":"https:\/\/linitiative.ca\/International\/wp-json\/wp\/v2\/media?parent=137750"}],"wp:term":[{"taxonomy":"category","embeddable":true,"href":"https:\/\/linitiative.ca\/International\/wp-json\/wp\/v2\/categories?post=137750"},{"taxonomy":"post_tag","embeddable":true,"href":"https:\/\/linitiative.ca\/International\/wp-json\/wp\/v2\/tags?post=137750"}],"curies":[{"name":"wp","href":"https:\/\/api.w.org\/{rel}","templated":true}]}}