{"id":137761,"date":"2022-01-05T11:35:00","date_gmt":"2022-01-05T16:35:00","guid":{"rendered":"https:\/\/linitiative.ca\/International\/huawei-ict-competition-six-etudiants-representeront-la-tunisie-dans-la-competition-regionale\/"},"modified":"2022-01-05T11:35:00","modified_gmt":"2022-01-05T16:35:00","slug":"huawei-ict-competition-six-etudiants-representeront-la-tunisie-dans-la-competition-regionale","status":"publish","type":"post","link":"https:\/\/linitiative.ca\/International\/huawei-ict-competition-six-etudiants-representeront-la-tunisie-dans-la-competition-regionale\/","title":{"rendered":"Huawei ICT competition: six \u00e9tudiants repr\u00e9senteront la Tunisie dans la comp\u00e9tition r\u00e9gionale"},"content":{"rendered":"<div><img decoding=\"async\" src=\"https:\/\/linitiative.ca\/International\/wp-content\/uploads\/sites\/23\/2022\/01\/1641397825_article.jpg\" alt=\"Huawei ICT competition: six \u00e9tudiants repr\u00e9senteront la Tunisie dans la comp\u00e9tition r\u00e9gionale\" align=\"left\">Quoi de mieux que de cl\u00f4turer l\u2019ann\u00e9e avec la c\u00e9l\u00e9bration des Laur\u00e9ats du prestigieux programme ICT academy de Huawei.<br \/>\nA l\u2019issue de plusieurs mois de durs labeurs, deux \u00e9quipes de 3 \u00e9tudiants ont vu leurs efforts couronn\u00e9s de succ\u00e8s et remport\u00e9 la comp\u00e9tition nationale de Huawei en r\u00e9alisant les meilleurs scores autour des th\u00e8mes de la network et cloud.<\/p>\n<p>Mohamed Aziz Bourguiba,Khalil Nacef, de l\u2019universit\u00e9 TEK-UP et Oussema Ghorbel, de l\u2019universit\u00e9 INSAT, sont les laur\u00e9ats de la sp\u00e9cialit\u00e9 network ainsi que Kana Serge,Mahdi Bouden, de l\u2019universit\u00e9 TEK-UP,et Ameni Abida de l\u2019universit\u00e9 ENET\u2019COM, pr\u00e9sentent la sp\u00e9cialit\u00e9 cloud.<br \/>\nCette comp\u00e9tition &#8230;<\/p>\n<\/div>\n<p>Auteur:<br \/>\n<a href=\"https:\/\/www.leaders.com.tn\/article\/32841-huawei-ict-competition-six-etudiants-representeront-la-tunisie-dans-la-competition-regionale\">Cliquez ici pour lire l&rsquo;article depuis sa source.<\/a><\/p>\n","protected":false},"excerpt":{"rendered":"<p>Quoi de mieux que de cl\u00f4turer l\u2019ann\u00e9e avec la c\u00e9l\u00e9bration des Laur\u00e9ats du prestigieux programme ICT academy de Huawei. A l\u2019issue de plusieurs mois de durs labeurs, deux \u00e9quipes de 3 \u00e9tudiants ont vu leurs efforts couronn\u00e9s de succ\u00e8s et remport\u00e9 la comp\u00e9tition nationale de Huawei en r\u00e9alisant les meilleurs scores autour des th\u00e8mes de [&hellip;]<\/p>\n","protected":false},"author":1772,"featured_media":0,"comment_status":"closed","ping_status":"closed","sticky":false,"template":"","format":"standard","meta":{"fifu_image_url":"http:\/\/www.leaders.com.tn\/uploads\/content\/thumbnails_small\/1641397825_article.jpg","fifu_image_alt":"Huawei ICT competition: six \u00e9tudiants repr\u00e9senteront la Tunisie dans la comp\u00e9tition r\u00e9gionale","footnotes":""},"categories":[73,55],"tags":[],"class_list":["post-137761","post","type-post","status-publish","format-standard","hentry","category-actualite","category-tunisie"],"_links":{"self":[{"href":"https:\/\/linitiative.ca\/International\/wp-json\/wp\/v2\/posts\/137761","targetHints":{"allow":["GET"]}}],"collection":[{"href":"https:\/\/linitiative.ca\/International\/wp-json\/wp\/v2\/posts"}],"about":[{"href":"https:\/\/linitiative.ca\/International\/wp-json\/wp\/v2\/types\/post"}],"author":[{"embeddable":true,"href":"https:\/\/linitiative.ca\/International\/wp-json\/wp\/v2\/users\/1772"}],"replies":[{"embeddable":true,"href":"https:\/\/linitiative.ca\/International\/wp-json\/wp\/v2\/comments?post=137761"}],"version-history":[{"count":0,"href":"https:\/\/linitiative.ca\/International\/wp-json\/wp\/v2\/posts\/137761\/revisions"}],"wp:attachment":[{"href":"https:\/\/linitiative.ca\/International\/wp-json\/wp\/v2\/media?parent=137761"}],"wp:term":[{"taxonomy":"category","embeddable":true,"href":"https:\/\/linitiative.ca\/International\/wp-json\/wp\/v2\/categories?post=137761"},{"taxonomy":"post_tag","embeddable":true,"href":"https:\/\/linitiative.ca\/International\/wp-json\/wp\/v2\/tags?post=137761"}],"curies":[{"name":"wp","href":"https:\/\/api.w.org\/{rel}","templated":true}]}}