{"id":137768,"date":"2022-01-05T11:36:38","date_gmt":"2022-01-05T16:36:38","guid":{"rendered":"https:\/\/linitiative.ca\/International\/le-renforcement-des-medias-en-marche\/"},"modified":"2022-01-05T11:36:38","modified_gmt":"2022-01-05T16:36:38","slug":"le-renforcement-des-medias-en-marche","status":"publish","type":"post","link":"https:\/\/linitiative.ca\/International\/le-renforcement-des-medias-en-marche\/","title":{"rendered":"Le renforcement des m\u00e9dias en marche"},"content":{"rendered":"<div><img decoding=\"async\" width=\"1024\" height=\"616\" src=\"https:\/\/linitiative.ca\/International\/wp-content\/uploads\/sites\/23\/2022\/01\/PHOTO1.jpg\" class=\"attachment-post-thumbnail size-post-thumbnail wp-post-image\" alt=\"\" loading=\"lazy\" srcset=\"https:\/\/linitiative.ca\/International\/wp-content\/uploads\/sites\/23\/2022\/01\/PHOTO1.jpg 1024w, https:\/\/www.challenge.ma\/wp-content\/uploads\/2022\/01\/PHOTO1-300x180.jpg 300w, https:\/\/www.challenge.ma\/wp-content\/uploads\/2022\/01\/PHOTO1-768x462.jpg 768w, https:\/\/www.challenge.ma\/wp-content\/uploads\/2022\/01\/PHOTO1-360x217.jpg 360w, https:\/\/www.challenge.ma\/wp-content\/uploads\/2022\/01\/PHOTO1-750x451.jpg 750w\" sizes=\"auto, (max-width: 1024px) 100vw, 1024px\" itemprop=\"image\">Ce 5 janvier, une r\u00e9union tr\u00e8s importante a r\u00e9uni les repr\u00e9sentants des m\u00e9dias et des membres du gouvernement, notamment Mohamed Mehdi Bensaid, ministre de la Jeunesse, de la Culture et de la Communication, et Fouzi Lekjaa, Ministre d\u00e9l\u00e9gu\u00e9 aupr\u00e8s de la Ministre de l\u2019Economie et des Finances, charg\u00e9 du Budget,<\/div>\n<p>Auteur: challenge<br \/>\n<a href=\"https:\/\/www.challenge.ma\/le-renforcement-des-medias-en-marche-230153\/\">Cliquez ici pour lire l&rsquo;article depuis sa source.<\/a><\/p>\n","protected":false},"excerpt":{"rendered":"<p>Ce 5 janvier, une r\u00e9union tr\u00e8s importante a r\u00e9uni les repr\u00e9sentants des m\u00e9dias et des membres du gouvernement, notamment Mohamed Mehdi Bensaid, ministre de la Jeunesse, de la Culture et de la Communication, et Fouzi Lekjaa, Ministre d\u00e9l\u00e9gu\u00e9 aupr\u00e8s de la Ministre de l\u2019Economie et des Finances, charg\u00e9 du Budget, Auteur: challenge Cliquez ici pour [&hellip;]<\/p>\n","protected":false},"author":1787,"featured_media":0,"comment_status":"closed","ping_status":"closed","sticky":false,"template":"","format":"standard","meta":{"fifu_image_url":"https:\/\/www.challenge.ma\/wp-content\/uploads\/2022\/01\/PHOTO1.jpg","fifu_image_alt":"Le renforcement des m\u00e9dias en marche","footnotes":""},"categories":[78,54],"tags":[],"class_list":["post-137768","post","type-post","status-publish","format-standard","hentry","category-economie","category-maroc"],"_links":{"self":[{"href":"https:\/\/linitiative.ca\/International\/wp-json\/wp\/v2\/posts\/137768","targetHints":{"allow":["GET"]}}],"collection":[{"href":"https:\/\/linitiative.ca\/International\/wp-json\/wp\/v2\/posts"}],"about":[{"href":"https:\/\/linitiative.ca\/International\/wp-json\/wp\/v2\/types\/post"}],"author":[{"embeddable":true,"href":"https:\/\/linitiative.ca\/International\/wp-json\/wp\/v2\/users\/1787"}],"replies":[{"embeddable":true,"href":"https:\/\/linitiative.ca\/International\/wp-json\/wp\/v2\/comments?post=137768"}],"version-history":[{"count":0,"href":"https:\/\/linitiative.ca\/International\/wp-json\/wp\/v2\/posts\/137768\/revisions"}],"wp:attachment":[{"href":"https:\/\/linitiative.ca\/International\/wp-json\/wp\/v2\/media?parent=137768"}],"wp:term":[{"taxonomy":"category","embeddable":true,"href":"https:\/\/linitiative.ca\/International\/wp-json\/wp\/v2\/categories?post=137768"},{"taxonomy":"post_tag","embeddable":true,"href":"https:\/\/linitiative.ca\/International\/wp-json\/wp\/v2\/tags?post=137768"}],"curies":[{"name":"wp","href":"https:\/\/api.w.org\/{rel}","templated":true}]}}