{"id":137775,"date":"2022-01-05T16:40:58","date_gmt":"2022-01-05T21:40:58","guid":{"rendered":"https:\/\/linitiative.ca\/International\/novak-djokovic-visa-annule-et-doit-quitter-vers-son-pays\/"},"modified":"2022-01-05T16:40:58","modified_gmt":"2022-01-05T21:40:58","slug":"novak-djokovic-visa-annule-et-doit-quitter-vers-son-pays","status":"publish","type":"post","link":"https:\/\/linitiative.ca\/International\/novak-djokovic-visa-annule-et-doit-quitter-vers-son-pays\/","title":{"rendered":"Novak Djokovic, visa annul\u00e9 et doit quitter vers son pays"},"content":{"rendered":"<div>\n<p>Selon les derni\u00e8res nouvelles annonc\u00e9e par presse australienne, le visa du serbe Novak Djokovic, non vaccin\u00e9 contre la Covid-19, a \u00e9t\u00e9 annul\u00e9 par la police de fronti\u00e8re australienne. A cet \u00e9gard, le num\u00e9ro 1 mondial doit quitter le pays aujourd\u2019hui puisqu\u2019il n\u2019a pas donn\u00e9 suffisamment d\u2019\u00e9l\u00e9ments pour valider son exemption m\u00e9dicale. Certes, ses avocats pourraient [\u2026]<\/p>\n<p>L\u2019article <a href=\"https:\/\/sport.tunisienumerique.com\/novak-djokovic-visa-annule-et-doit-quitter-vers-son-pays\/\">Novak Djokovic, visa annul\u00e9 et doit quitter vers son pays<\/a> est apparu en premier sur <a href=\"https:\/\/www.tunisienumerique.com\/\">Tunisie<\/a>.<\/p>\n<\/div>\n<p>Auteur: Hamza Ben Khlifa<br \/>\n<a href=\"https:\/\/sport.tunisienumerique.com\/novak-djokovic-visa-annule-et-doit-quitter-vers-son-pays\/\">Cliquez ici pour lire l&rsquo;article depuis sa source.<\/a><\/p>\n","protected":false},"excerpt":{"rendered":"<p>Selon les derni\u00e8res nouvelles annonc\u00e9e par presse australienne, le visa du serbe Novak Djokovic, non vaccin\u00e9 contre la Covid-19, a \u00e9t\u00e9 annul\u00e9 par la police de fronti\u00e8re australienne. A cet \u00e9gard, le num\u00e9ro 1 mondial doit quitter le pays aujourd\u2019hui puisqu\u2019il n\u2019a pas donn\u00e9 suffisamment d\u2019\u00e9l\u00e9ments pour valider son exemption m\u00e9dicale. Certes, ses avocats pourraient [&hellip;]<\/p>\n","protected":false},"author":1789,"featured_media":0,"comment_status":"closed","ping_status":"closed","sticky":false,"template":"","format":"standard","meta":{"fifu_image_url":"","fifu_image_alt":"","footnotes":""},"categories":[73,55],"tags":[],"class_list":["post-137775","post","type-post","status-publish","format-standard","hentry","category-actualite","category-tunisie"],"_links":{"self":[{"href":"https:\/\/linitiative.ca\/International\/wp-json\/wp\/v2\/posts\/137775","targetHints":{"allow":["GET"]}}],"collection":[{"href":"https:\/\/linitiative.ca\/International\/wp-json\/wp\/v2\/posts"}],"about":[{"href":"https:\/\/linitiative.ca\/International\/wp-json\/wp\/v2\/types\/post"}],"author":[{"embeddable":true,"href":"https:\/\/linitiative.ca\/International\/wp-json\/wp\/v2\/users\/1789"}],"replies":[{"embeddable":true,"href":"https:\/\/linitiative.ca\/International\/wp-json\/wp\/v2\/comments?post=137775"}],"version-history":[{"count":0,"href":"https:\/\/linitiative.ca\/International\/wp-json\/wp\/v2\/posts\/137775\/revisions"}],"wp:attachment":[{"href":"https:\/\/linitiative.ca\/International\/wp-json\/wp\/v2\/media?parent=137775"}],"wp:term":[{"taxonomy":"category","embeddable":true,"href":"https:\/\/linitiative.ca\/International\/wp-json\/wp\/v2\/categories?post=137775"},{"taxonomy":"post_tag","embeddable":true,"href":"https:\/\/linitiative.ca\/International\/wp-json\/wp\/v2\/tags?post=137775"}],"curies":[{"name":"wp","href":"https:\/\/api.w.org\/{rel}","templated":true}]}}