{"id":137778,"date":"2022-01-05T17:12:29","date_gmt":"2022-01-05T22:12:29","guid":{"rendered":"https:\/\/linitiative.ca\/International\/tunisie-pourquoi-kais-saied-na-pas-interet-a-declarer-la-guerre-a-lugtt\/"},"modified":"2022-01-05T17:12:29","modified_gmt":"2022-01-05T22:12:29","slug":"tunisie-pourquoi-kais-saied-na-pas-interet-a-declarer-la-guerre-a-lugtt","status":"publish","type":"post","link":"https:\/\/linitiative.ca\/International\/tunisie-pourquoi-kais-saied-na-pas-interet-a-declarer-la-guerre-a-lugtt\/","title":{"rendered":"Tunisie \u2013 Pourquoi Ka\u00efs Sa\u00efed n\u2019a pas int\u00e9r\u00eat \u00e0 d\u00e9clarer la guerre \u00e0 l\u2019UGTT\u00a0?"},"content":{"rendered":"<div>\n<p>Il est \u00e9vident qu\u2019il y a de l\u2019eau dans le gaz, en ce qui concerne les relations entre la Place Mohamed Ali, et le Palais de Carthage. Le courant passe tr\u00e8s mal entre le pr\u00e9sident et la centrale syndicale. Et ce, depuis le refus, il y a plusieurs mois, de Ka\u00efs Sa\u00efed, de s\u2019engager dans [\u2026]<\/p>\n<p>L\u2019article <a href=\"https:\/\/www.tunisienumerique.com\/tunisie-pourquoi-kais-saied-na-pas-interet-a-declarer-la-guerre-a-lugtt\/\">Tunisie \u2013 Pourquoi Ka\u00efs Sa\u00efed n\u2019a pas int\u00e9r\u00eat \u00e0 d\u00e9clarer la guerre \u00e0 l\u2019UGTT\u00a0?<\/a> est apparu en premier sur <a href=\"https:\/\/www.tunisienumerique.com\/\">Tunisie<\/a>.<\/p>\n<\/div>\n<p>Auteur: LM<br \/>\n<a href=\"https:\/\/www.tunisienumerique.com\/tunisie-pourquoi-kais-saied-na-pas-interet-a-declarer-la-guerre-a-lugtt\/\">Cliquez ici pour lire l&rsquo;article depuis sa source.<\/a><\/p>\n","protected":false},"excerpt":{"rendered":"<p>Il est \u00e9vident qu\u2019il y a de l\u2019eau dans le gaz, en ce qui concerne les relations entre la Place Mohamed Ali, et le Palais de Carthage. Le courant passe tr\u00e8s mal entre le pr\u00e9sident et la centrale syndicale. Et ce, depuis le refus, il y a plusieurs mois, de Ka\u00efs Sa\u00efed, de s\u2019engager dans [&hellip;]<\/p>\n","protected":false},"author":1789,"featured_media":0,"comment_status":"closed","ping_status":"closed","sticky":false,"template":"","format":"standard","meta":{"fifu_image_url":"","fifu_image_alt":"","footnotes":""},"categories":[73,55],"tags":[],"class_list":["post-137778","post","type-post","status-publish","format-standard","hentry","category-actualite","category-tunisie"],"_links":{"self":[{"href":"https:\/\/linitiative.ca\/International\/wp-json\/wp\/v2\/posts\/137778","targetHints":{"allow":["GET"]}}],"collection":[{"href":"https:\/\/linitiative.ca\/International\/wp-json\/wp\/v2\/posts"}],"about":[{"href":"https:\/\/linitiative.ca\/International\/wp-json\/wp\/v2\/types\/post"}],"author":[{"embeddable":true,"href":"https:\/\/linitiative.ca\/International\/wp-json\/wp\/v2\/users\/1789"}],"replies":[{"embeddable":true,"href":"https:\/\/linitiative.ca\/International\/wp-json\/wp\/v2\/comments?post=137778"}],"version-history":[{"count":0,"href":"https:\/\/linitiative.ca\/International\/wp-json\/wp\/v2\/posts\/137778\/revisions"}],"wp:attachment":[{"href":"https:\/\/linitiative.ca\/International\/wp-json\/wp\/v2\/media?parent=137778"}],"wp:term":[{"taxonomy":"category","embeddable":true,"href":"https:\/\/linitiative.ca\/International\/wp-json\/wp\/v2\/categories?post=137778"},{"taxonomy":"post_tag","embeddable":true,"href":"https:\/\/linitiative.ca\/International\/wp-json\/wp\/v2\/tags?post=137778"}],"curies":[{"name":"wp","href":"https:\/\/api.w.org\/{rel}","templated":true}]}}