{"id":137779,"date":"2022-01-05T14:42:49","date_gmt":"2022-01-05T19:42:49","guid":{"rendered":"https:\/\/linitiative.ca\/International\/prolongation-de-la-duree-de-la-transition\/"},"modified":"2022-01-05T14:42:49","modified_gmt":"2022-01-05T19:42:49","slug":"prolongation-de-la-duree-de-la-transition","status":"publish","type":"post","link":"https:\/\/linitiative.ca\/International\/prolongation-de-la-duree-de-la-transition\/","title":{"rendered":"PROLONGATION DE LA DUREE DE LA TRANSITION"},"content":{"rendered":"<div>\n<p><img decoding=\"async\" width=\"704\" height=\"396\" src=\"https:\/\/linitiative.ca\/International\/wp-content\/uploads\/sites\/23\/2022\/01\/MALI-1.jpg\" class=\"attachment- size- wp-post-image\" alt=\"\" loading=\"lazy\" style=\"float:left; margin:0 15px 15px 0;\" srcset=\"https:\/\/linitiative.ca\/International\/wp-content\/uploads\/sites\/23\/2022\/01\/MALI-1.jpg 704w, https:\/\/lepays.bf\/wp-content\/uploads\/2022\/01\/MALI-1-300x169.jpg 300w, https:\/\/lepays.bf\/wp-content\/uploads\/2022\/01\/MALI-1-390x220.jpg 390w\" sizes=\"auto, (max-width: 704px) 100vw, 704px\">Goodluck Jonathan, le m\u00e9diateur mandat\u00e9 de la Communaut\u00e9 \u00e9conomique des Etats de l\u2019Afrique de l\u2019Ouest (CEDEAO) au Mali,\u00a0 s\u00e9journe de nouveau sur les rives du Djoliba. A quelques jours de l\u2019ouverture du sommet de l\u2019organisation sous-r\u00e9gionale pr\u00e9vu pour le 9 janvier prochain, sur les r\u00e9cents d\u00e9veloppements de la situation politique au Mali, l\u2019on ne peine \u2026<\/p>\n<p>L\u2019article <a rel=\"nofollow\" href=\"https:\/\/lepays.bf\/prolongation-de-la-duree-de-la-transition\/\">PROLONGATION DE LA DUREE DE LA TRANSITION<\/a> est apparu en premier sur <a rel=\"nofollow\" href=\"https:\/\/lepays.bf\/\">Editions Le Pays<\/a>.<\/p>\n<\/div>\n<p>Auteur: Editions LEPAYS<br \/>\n<a href=\"https:\/\/lepays.bf\/prolongation-de-la-duree-de-la-transition\/\">Cliquez ici pour lire l&rsquo;article depuis sa source.<\/a><\/p>\n","protected":false},"excerpt":{"rendered":"<p>Goodluck Jonathan, le m\u00e9diateur mandat\u00e9 de la Communaut\u00e9 \u00e9conomique des Etats de l\u2019Afrique de l\u2019Ouest (CEDEAO) au Mali,\u00a0 s\u00e9journe de nouveau sur les rives du Djoliba. A quelques jours de l\u2019ouverture du sommet de l\u2019organisation sous-r\u00e9gionale pr\u00e9vu pour le 9 janvier prochain, sur les r\u00e9cents d\u00e9veloppements de la situation politique au Mali, l\u2019on ne peine [&hellip;]<\/p>\n","protected":false},"author":1813,"featured_media":0,"comment_status":"closed","ping_status":"closed","sticky":false,"template":"","format":"standard","meta":{"fifu_image_url":"https:\/\/lepays.bf\/wp-content\/uploads\/2022\/01\/MALI-1.jpg","fifu_image_alt":"PROLONGATION DE LA DUREE DE LA TRANSITION","footnotes":""},"categories":[73,81],"tags":[],"class_list":["post-137779","post","type-post","status-publish","format-standard","hentry","category-actualite","category-burkina-faso"],"_links":{"self":[{"href":"https:\/\/linitiative.ca\/International\/wp-json\/wp\/v2\/posts\/137779","targetHints":{"allow":["GET"]}}],"collection":[{"href":"https:\/\/linitiative.ca\/International\/wp-json\/wp\/v2\/posts"}],"about":[{"href":"https:\/\/linitiative.ca\/International\/wp-json\/wp\/v2\/types\/post"}],"author":[{"embeddable":true,"href":"https:\/\/linitiative.ca\/International\/wp-json\/wp\/v2\/users\/1813"}],"replies":[{"embeddable":true,"href":"https:\/\/linitiative.ca\/International\/wp-json\/wp\/v2\/comments?post=137779"}],"version-history":[{"count":0,"href":"https:\/\/linitiative.ca\/International\/wp-json\/wp\/v2\/posts\/137779\/revisions"}],"wp:attachment":[{"href":"https:\/\/linitiative.ca\/International\/wp-json\/wp\/v2\/media?parent=137779"}],"wp:term":[{"taxonomy":"category","embeddable":true,"href":"https:\/\/linitiative.ca\/International\/wp-json\/wp\/v2\/categories?post=137779"},{"taxonomy":"post_tag","embeddable":true,"href":"https:\/\/linitiative.ca\/International\/wp-json\/wp\/v2\/tags?post=137779"}],"curies":[{"name":"wp","href":"https:\/\/api.w.org\/{rel}","templated":true}]}}