{"id":137781,"date":"2022-01-05T14:50:07","date_gmt":"2022-01-05T19:50:07","guid":{"rendered":"https:\/\/linitiative.ca\/International\/can-cameroun-2021\/"},"modified":"2022-01-05T14:50:07","modified_gmt":"2022-01-05T19:50:07","slug":"can-cameroun-2021","status":"publish","type":"post","link":"https:\/\/linitiative.ca\/International\/can-cameroun-2021\/","title":{"rendered":"CAN CAMEROUN 2021"},"content":{"rendered":"<div>\n<p><img decoding=\"async\" width=\"640\" height=\"385\" src=\"https:\/\/linitiative.ca\/International\/wp-content\/uploads\/sites\/23\/2022\/01\/CAN-Cameroun-2021.jpg\" class=\"attachment- size- wp-post-image\" alt=\"\" loading=\"lazy\" style=\"float:left; margin:0 15px 15px 0;\" srcset=\"https:\/\/linitiative.ca\/International\/wp-content\/uploads\/sites\/23\/2022\/01\/CAN-Cameroun-2021.jpg 640w, https:\/\/lepays.bf\/wp-content\/uploads\/2022\/01\/CAN-Cameroun-2021-300x180.jpg 300w\" sizes=\"auto, (max-width: 640px) 100vw, 640px\">Dans quelques heures, les amoureux du ballon rond, d\u2019Afrique et d\u2019ailleurs, savoureront, une fois encore, le bonheur que procure la magie du football. Ce sera \u00e0 l\u2019occasion de la Coupe d\u2019Afrique des Nations (CAN) qui se d\u00e9roulera au Cameroun, du 9 janvier au 6 f\u00e9vrier 2022. Plusieurs fois report\u00e9e en raison, entre autres, de la \u2026<\/p>\n<p>L\u2019article <a rel=\"nofollow\" href=\"https:\/\/lepays.bf\/can-cameroun-2021\/\">CAN CAMEROUN 2021<\/a> est apparu en premier sur <a rel=\"nofollow\" href=\"https:\/\/lepays.bf\/\">Editions Le Pays<\/a>.<\/p>\n<\/div>\n<p>Auteur: Editions LEPAYS<br \/>\n<a href=\"https:\/\/lepays.bf\/can-cameroun-2021\/\">Cliquez ici pour lire l&rsquo;article depuis sa source.<\/a><\/p>\n","protected":false},"excerpt":{"rendered":"<p>Dans quelques heures, les amoureux du ballon rond, d\u2019Afrique et d\u2019ailleurs, savoureront, une fois encore, le bonheur que procure la magie du football. Ce sera \u00e0 l\u2019occasion de la Coupe d\u2019Afrique des Nations (CAN) qui se d\u00e9roulera au Cameroun, du 9 janvier au 6 f\u00e9vrier 2022. Plusieurs fois report\u00e9e en raison, entre autres, de la [&hellip;]<\/p>\n","protected":false},"author":1813,"featured_media":0,"comment_status":"closed","ping_status":"closed","sticky":false,"template":"","format":"standard","meta":{"fifu_image_url":"https:\/\/lepays.bf\/wp-content\/uploads\/2022\/01\/CAN-Cameroun-2021.jpg","fifu_image_alt":"CAN CAMEROUN 2021","footnotes":""},"categories":[73,81],"tags":[],"class_list":["post-137781","post","type-post","status-publish","format-standard","hentry","category-actualite","category-burkina-faso"],"_links":{"self":[{"href":"https:\/\/linitiative.ca\/International\/wp-json\/wp\/v2\/posts\/137781","targetHints":{"allow":["GET"]}}],"collection":[{"href":"https:\/\/linitiative.ca\/International\/wp-json\/wp\/v2\/posts"}],"about":[{"href":"https:\/\/linitiative.ca\/International\/wp-json\/wp\/v2\/types\/post"}],"author":[{"embeddable":true,"href":"https:\/\/linitiative.ca\/International\/wp-json\/wp\/v2\/users\/1813"}],"replies":[{"embeddable":true,"href":"https:\/\/linitiative.ca\/International\/wp-json\/wp\/v2\/comments?post=137781"}],"version-history":[{"count":0,"href":"https:\/\/linitiative.ca\/International\/wp-json\/wp\/v2\/posts\/137781\/revisions"}],"wp:attachment":[{"href":"https:\/\/linitiative.ca\/International\/wp-json\/wp\/v2\/media?parent=137781"}],"wp:term":[{"taxonomy":"category","embeddable":true,"href":"https:\/\/linitiative.ca\/International\/wp-json\/wp\/v2\/categories?post=137781"},{"taxonomy":"post_tag","embeddable":true,"href":"https:\/\/linitiative.ca\/International\/wp-json\/wp\/v2\/tags?post=137781"}],"curies":[{"name":"wp","href":"https:\/\/api.w.org\/{rel}","templated":true}]}}