{"id":137783,"date":"2022-01-05T06:43:05","date_gmt":"2022-01-05T11:43:05","guid":{"rendered":"https:\/\/linitiative.ca\/International\/voeux-2022-des-acteurs-culturels\/"},"modified":"2022-01-05T06:43:05","modified_gmt":"2022-01-05T11:43:05","slug":"voeux-2022-des-acteurs-culturels","status":"publish","type":"post","link":"https:\/\/linitiative.ca\/International\/voeux-2022-des-acteurs-culturels\/","title":{"rendered":"V\u0153ux 2022 des acteurs culturels"},"content":{"rendered":"<div>\n<p>\u00a0<\/p>\n<p><strong>Ouahabou\u00a0 Bara, ex-Directeur g\u00e9n\u00e9ral du BBDA<\/strong><\/p>\n<p>Je souhaite la paix pour le Burkina Faso et surtout la mise en \u0153uvre du projet Renforcement de la fili\u00e8re musique au Burkina Faso et dans les pays de l\u2019espace UEMOA. Un projet propos\u00e9 en 2019 et qui sera enti\u00e8rement financ\u00e9 par l\u2019Organisation mondiale de la propri\u00e9t\u00e9 intellectuelle (OMPI) de 2022 \u00e0 2024. Que ce projet puisse contribuer un tant soit peu \u00e0 la lutte contre la radicalisation de notre jeunesse.<\/p>\n<p><strong>Madess, artiste-musicien et promoteur des Marley d\u2019or<\/strong><\/p>\n<p><img decoding=\"async\" loading=\"lazy\" class=\"alignnone wp-image-43961 size-full\" src=\"https:\/\/linitiative.ca\/International\/wp-content\/uploads\/sites\/23\/2022\/01\/madess.jpg\" alt=\"\" width=\"450\" height=\"450\" srcset=\"https:\/\/linitiative.ca\/International\/wp-content\/uploads\/sites\/23\/2022\/01\/madess.jpg 450w, https:\/\/www.sidwaya.info\/wp-content\/uploads\/2022\/01\/madess-300x300.jpg 300w, https:\/\/www.sidwaya.info\/wp-content\/uploads\/2022\/01\/madess-150x150.jpg 150w, https:\/\/www.sidwaya.info\/wp-content\/uploads\/2022\/01\/madess-420x420.jpg 420w\" sizes=\"auto, (max-width: 450px) 100vw, 450px\"><\/p>\n<p>Pour l\u2019ann\u00e9e 2022, je souhaite beaucoup de bonheur aux \u00a0Burkinab\u00e8 d\u2019ici et d\u2019ailleurs. Beaucoup de paix et s\u00e9curit\u00e9 dans notre pays. Que les d\u00e9plac\u00e9s internes puissent retourner chez eux. C\u2019est v\u00e9ritablement notre priorit\u00e9 au Burkina Faso. Beaucoup de courage \u00e0 nos FDS et VDP avec qui nous devons \u00a0continuer \u00e0 collaborer. A nos autorit\u00e9s, je leur souhaite beaucoup de courage, ce n\u2019est pas facile. Mais cette guerre, on \u00a0finira par la gagner. Merci \u00e0 Sidwaya Internet qui fait beaucoup pour la culture made in Burkina Faso. Meilleurs v\u0153ux \u00e0 tous. Que Dieu b\u00e9nisse notre beau pays, le Burkina Faso\u00a0!<\/p>\n<p><strong>Awa Melone, artiste-musicienne<\/strong><\/p>\n<p><img decoding=\"async\" loading=\"lazy\" class=\"alignnone wp-image-43962 size-full\" src=\"https:\/\/linitiative.ca\/International\/wp-content\/uploads\/sites\/23\/2022\/01\/Awa-Melone.jpg\" alt=\"\" width=\"695\" height=\"678\" srcset=\"https:\/\/linitiative.ca\/International\/wp-content\/uploads\/sites\/23\/2022\/01\/Awa-Melone.jpg 695w, https:\/\/www.sidwaya.info\/wp-content\/uploads\/2022\/01\/Awa-Melone-300x293.jpg 300w, https:\/\/www.sidwaya.info\/wp-content\/uploads\/2022\/01\/Awa-Melone-150x146.jpg 150w, https:\/\/www.sidwaya.info\/wp-content\/uploads\/2022\/01\/Awa-Melone-431x420.jpg 431w\" sizes=\"auto, (max-width: 695px) 100vw, 695px\"><\/p>\n<p>Je viens par ce message souhaiter une bonne et heureuse 2022 \u00e0 tout le Burkina Faso et \u00e0 toute l\u2019Afrique enti\u00e8re. Je souhaite \u00e9galement une merveilleuse ann\u00e9e \u00e0 tous mes fans, \u00e0 tous ceux qui de pr\u00e8s ou de loin me poussent \u00e0 aller de l\u2019avant. Que ce nouvel an nous ram\u00e8ne la paix et la qui\u00e9tude. Que Dieu assiste nos FDS et accueille dans son paradis \u00e9ternel les \u00e2mes de tous ceux qui sont tomb\u00e9s sur le champ de bataille. Vive le Burkina Faso, que nous b\u00e9nisse\u00a0!<\/p>\n<p><strong>\u00a0 \u00a0 \u00a0 \u00a0 \u00a0 \u00a0 Bamos Th\u00e9o, artiste-musicien et promoteur des Pingr Kuni<\/strong><\/p>\n<p><img decoding=\"async\" loading=\"lazy\" class=\"alignnone wp-image-43963 size-full\" src=\"https:\/\/linitiative.ca\/International\/wp-content\/uploads\/sites\/23\/2022\/01\/Bamos-Theo.jpg\" alt=\"\" width=\"800\" height=\"783\" srcset=\"https:\/\/linitiative.ca\/International\/wp-content\/uploads\/sites\/23\/2022\/01\/Bamos-Theo.jpg 800w, https:\/\/www.sidwaya.info\/wp-content\/uploads\/2022\/01\/Bamos-Theo-300x294.jpg 300w, https:\/\/www.sidwaya.info\/wp-content\/uploads\/2022\/01\/Bamos-Theo-768x752.jpg 768w, https:\/\/www.sidwaya.info\/wp-content\/uploads\/2022\/01\/Bamos-Theo-150x147.jpg 150w, https:\/\/www.sidwaya.info\/wp-content\/uploads\/2022\/01\/Bamos-Theo-696x681.jpg 696w, https:\/\/www.sidwaya.info\/wp-content\/uploads\/2022\/01\/Bamos-Theo-429x420.jpg 429w\" sizes=\"auto, (max-width: 800px) 100vw, 800px\"><\/p>\n<p>Le comit\u00e9 d\u2019organisation des troph\u00e9es de la paix \u2019\u2019 <em>Pingr Kuni\u2019\u2019, <\/em>par ma voix, souhaite la paix pour le Burkina Faso et la sant\u00e9 pour chacun de \u00a0nous. Avec \u00a0la paix, chacun peut vaquer \u00e0 ses occupations, initier des projets sociaux et promouvoir \u00a0le vivre-ensemble. Bonne ann\u00e9e 2022 \u00e0 tous et vive le Burkina Faso\u00a0!<\/p>\n<p>\u00a0<\/p>\n<p>Alassane K\u00e9r\u00e9<\/p>\n<p>L\u2019article <a rel=\"nofollow\" href=\"https:\/\/www.sidwaya.info\/blog\/2022\/01\/05\/voeux-2022-des-acteurs-culturels\/\">V\u0153ux 2022 des acteurs culturels<\/a> est apparu en premier sur <a rel=\"nofollow\" href=\"https:\/\/www.sidwaya.info\/\">Quotidien Sidwaya<\/a>.<\/p>\n<\/div>\n<p>Auteur: BS. Sidwaya<br \/>\n<a href=\"https:\/\/www.sidwaya.info\/blog\/2022\/01\/05\/voeux-2022-des-acteurs-culturels\/?utm_source=rss&#038;utm_medium=rss&#038;utm_campaign=voeux-2022-des-acteurs-culturels\">Cliquez ici pour lire l&rsquo;article depuis sa source.<\/a><\/p>\n","protected":false},"excerpt":{"rendered":"<p>\u00a0 Ouahabou\u00a0 Bara, ex-Directeur g\u00e9n\u00e9ral du BBDA Je souhaite la paix pour le Burkina Faso et surtout la mise en \u0153uvre du projet Renforcement de la fili\u00e8re musique au Burkina Faso et dans les pays de l\u2019espace UEMOA. Un projet propos\u00e9 en 2019 et qui sera enti\u00e8rement financ\u00e9 par l\u2019Organisation mondiale de la propri\u00e9t\u00e9 intellectuelle [&hellip;]<\/p>\n","protected":false},"author":1816,"featured_media":0,"comment_status":"closed","ping_status":"closed","sticky":false,"template":"","format":"standard","meta":{"fifu_image_url":"https:\/\/www.sidwaya.info\/wp-content\/uploads\/2022\/01\/madess.jpg","fifu_image_alt":"V\u0153ux 2022 des acteurs culturels","footnotes":""},"categories":[73,81],"tags":[],"class_list":["post-137783","post","type-post","status-publish","format-standard","hentry","category-actualite","category-burkina-faso"],"_links":{"self":[{"href":"https:\/\/linitiative.ca\/International\/wp-json\/wp\/v2\/posts\/137783","targetHints":{"allow":["GET"]}}],"collection":[{"href":"https:\/\/linitiative.ca\/International\/wp-json\/wp\/v2\/posts"}],"about":[{"href":"https:\/\/linitiative.ca\/International\/wp-json\/wp\/v2\/types\/post"}],"author":[{"embeddable":true,"href":"https:\/\/linitiative.ca\/International\/wp-json\/wp\/v2\/users\/1816"}],"replies":[{"embeddable":true,"href":"https:\/\/linitiative.ca\/International\/wp-json\/wp\/v2\/comments?post=137783"}],"version-history":[{"count":0,"href":"https:\/\/linitiative.ca\/International\/wp-json\/wp\/v2\/posts\/137783\/revisions"}],"wp:attachment":[{"href":"https:\/\/linitiative.ca\/International\/wp-json\/wp\/v2\/media?parent=137783"}],"wp:term":[{"taxonomy":"category","embeddable":true,"href":"https:\/\/linitiative.ca\/International\/wp-json\/wp\/v2\/categories?post=137783"},{"taxonomy":"post_tag","embeddable":true,"href":"https:\/\/linitiative.ca\/International\/wp-json\/wp\/v2\/tags?post=137783"}],"curies":[{"name":"wp","href":"https:\/\/api.w.org\/{rel}","templated":true}]}}