{"id":137788,"date":"2022-01-05T12:18:03","date_gmt":"2022-01-05T17:18:03","guid":{"rendered":"https:\/\/linitiative.ca\/International\/trafic-de-bois-11-individus-interpelles-apres-la-saisie-de-6000-madriers-a-abidjan\/"},"modified":"2022-01-05T12:18:03","modified_gmt":"2022-01-05T17:18:03","slug":"trafic-de-bois-11-individus-interpelles-apres-la-saisie-de-6000-madriers-a-abidjan","status":"publish","type":"post","link":"https:\/\/linitiative.ca\/International\/trafic-de-bois-11-individus-interpelles-apres-la-saisie-de-6000-madriers-a-abidjan\/","title":{"rendered":"Trafic de bois: 11 individus interpell\u00e9s apr\u00e8s la saisie de 6000 madriers \u00e0 Abidjan"},"content":{"rendered":"<div>\n<p><img decoding=\"async\" width=\"2560\" height=\"1707\" src=\"https:\/\/linitiative.ca\/International\/wp-content\/uploads\/sites\/23\/2022\/01\/16414030833731.jpg\" class=\"attachment-post-thumbnail size-post-thumbnail wp-post-image\" alt=\"\" loading=\"lazy\"><\/p>\n<p>Onze individus ont \u00e9t\u00e9 interpell\u00e9s mercredi \u00e0 Abobo, dans le Nord d&rsquo;Abidjan, \u00e0 la suite de la saisie de 6.000 madriers (planches de bois), par la Brigade sp\u00e9ciale de surveillance et d&rsquo;intervention (BSSI), une unit\u00e9 de lutte contre la criminalit\u00e9 li\u00e9e \u00e0 la for\u00eat et aux ressources en eau.<\/p>\n<p>Cette saisie, selon le commandant de la BSSI, le colonel G\u00e9rard Flavien Abb\u00e9, a eu lieu apr\u00e8s \u00ab\u00a0une intervention faite \u00e0 partir d&rsquo;un appel anonyme dans la zone d&rsquo;Abobo Samak\u00e9\u00a0\u00bb, un secteur de la commune d&rsquo;Abobo. \u00a0<\/p>\n<p>Ces madriers \u00e9taient entrepos\u00e9s dans plusieurs entrep\u00f4ts sur les lieux, o\u00f9 11 personnes ont \u00e9t\u00e9 interpell\u00e9es dans le cadre de cette intervention, a dit\u00a0un membre de l&rsquo;\u00e9quipe d&rsquo;intervention, soulignant que \u00ab\u00a0c&rsquo;est une des plus grosses saisies depuis la cr\u00e9ation de la brigade\u00a0\u00bb, en 2019.\u00a0<\/p>\n<p>Le colonel Abb\u00e9, le nouveau commandant de la brigade sp\u00e9ciale de surveillance et\u00a0d&rsquo;intervention (BSSI), a salu\u00e9 l&rsquo;implication de ces populations, soucieuses de la pr\u00e9servation du patrimoine naturel et qui ne m\u00e9nagent aucun effort pour d\u00e9noncer ces actes r\u00e9pr\u00e9hensibles.\u00a0<\/p>\n<p>Le madrier est une pi\u00e8ce de charpenterie dispos\u00e9e horizontalement et destin\u00e9e \u00e0 assurer la solidit\u00e9 d&rsquo;un ouvrage. Cette planche de bois, \u00e0 fort \u00e9paisseur, intervient dans la r\u00e9alisation des charpentes. \u00a0<\/p>\n<p>Cet article <a rel=\"nofollow\" href=\"https:\/\/www.journalducameroun.com\/trafic-de-bois-11-individus-interpelles-apres-la-saisie-de-6000-madriers-a-abidjan\/\">Trafic de bois: 11 individus interpell\u00e9s apr\u00e8s la saisie de 6000 madriers \u00e0 Abidjan<\/a> est apparu en premier sur <a rel=\"nofollow\" href=\"https:\/\/www.journalducameroun.com\/\">Journal du Cameroun<\/a>.<\/p>\n<\/div>\n<p>Auteur: APA News<br \/>\n<a href=\"https:\/\/www.journalducameroun.com\/trafic-de-bois-11-individus-interpelles-apres-la-saisie-de-6000-madriers-a-abidjan\/\">Cliquez ici pour lire l&rsquo;article depuis sa source.<\/a><\/p>\n","protected":false},"excerpt":{"rendered":"<p>Onze individus ont \u00e9t\u00e9 interpell\u00e9s mercredi \u00e0 Abobo, dans le Nord d&rsquo;Abidjan, \u00e0 la suite de la saisie de 6.000 madriers (planches de bois), par la Brigade sp\u00e9ciale de surveillance et d&rsquo;intervention (BSSI), une unit\u00e9 de lutte contre la criminalit\u00e9 li\u00e9e \u00e0 la for\u00eat et aux ressources en eau. Cette saisie, selon le commandant de [&hellip;]<\/p>\n","protected":false},"author":1965,"featured_media":0,"comment_status":"closed","ping_status":"closed","sticky":false,"template":"","format":"standard","meta":{"fifu_image_url":"https:\/\/www.journalducameroun.com\/wp-content\/uploads\/2022\/01\/16414030833731.jpg","fifu_image_alt":"Trafic de bois: 11 individus interpell\u00e9s apr\u00e8s la saisie de 6000 madriers \u00e0 Abidjan","footnotes":""},"categories":[73,82],"tags":[],"class_list":["post-137788","post","type-post","status-publish","format-standard","hentry","category-actualite","category-cameroun"],"_links":{"self":[{"href":"https:\/\/linitiative.ca\/International\/wp-json\/wp\/v2\/posts\/137788","targetHints":{"allow":["GET"]}}],"collection":[{"href":"https:\/\/linitiative.ca\/International\/wp-json\/wp\/v2\/posts"}],"about":[{"href":"https:\/\/linitiative.ca\/International\/wp-json\/wp\/v2\/types\/post"}],"author":[{"embeddable":true,"href":"https:\/\/linitiative.ca\/International\/wp-json\/wp\/v2\/users\/1965"}],"replies":[{"embeddable":true,"href":"https:\/\/linitiative.ca\/International\/wp-json\/wp\/v2\/comments?post=137788"}],"version-history":[{"count":0,"href":"https:\/\/linitiative.ca\/International\/wp-json\/wp\/v2\/posts\/137788\/revisions"}],"wp:attachment":[{"href":"https:\/\/linitiative.ca\/International\/wp-json\/wp\/v2\/media?parent=137788"}],"wp:term":[{"taxonomy":"category","embeddable":true,"href":"https:\/\/linitiative.ca\/International\/wp-json\/wp\/v2\/categories?post=137788"},{"taxonomy":"post_tag","embeddable":true,"href":"https:\/\/linitiative.ca\/International\/wp-json\/wp\/v2\/tags?post=137788"}],"curies":[{"name":"wp","href":"https:\/\/api.w.org\/{rel}","templated":true}]}}