{"id":137794,"date":"2022-01-05T15:18:03","date_gmt":"2022-01-05T20:18:03","guid":{"rendered":"https:\/\/linitiative.ca\/International\/burkina-belle-moisson-du-tresor-public-sur-le-marche-regional\/"},"modified":"2022-01-05T15:18:03","modified_gmt":"2022-01-05T20:18:03","slug":"burkina-belle-moisson-du-tresor-public-sur-le-marche-regional","status":"publish","type":"post","link":"https:\/\/linitiative.ca\/International\/burkina-belle-moisson-du-tresor-public-sur-le-marche-regional\/","title":{"rendered":"Burkina: belle moisson du tr\u00e9sor public sur le march\u00e9 r\u00e9gional"},"content":{"rendered":"<div>\n<p><img decoding=\"async\" width=\"618\" height=\"329\" src=\"https:\/\/linitiative.ca\/International\/wp-content\/uploads\/sites\/23\/2022\/01\/16414138839360.jpg\" class=\"attachment-post-thumbnail size-post-thumbnail wp-post-image\" alt=\"\" loading=\"lazy\" srcset=\"https:\/\/linitiative.ca\/International\/wp-content\/uploads\/sites\/23\/2022\/01\/16414138839360.jpg 618w, https:\/\/www.journalducameroun.com\/wp-content\/uploads\/2022\/01\/16414138839360-300x160.jpg 300w, https:\/\/www.journalducameroun.com\/wp-content\/uploads\/2022\/01\/16414138839360-600x319.jpg 600w\" sizes=\"auto, (max-width: 618px) 100vw, 618px\"><\/p>\n<p>L&rsquo;Etat du Burkina Faso a lev\u00e9, ce mercredi, 36,5 milliards de FCFA sur le march\u00e9 financier de l&rsquo;Union mon\u00e9taire ouest africaine (UMOA) au terme de son \u00e9mission de bons assimilables du tr\u00e9sor (BAT), a appris APA. La premi\u00e8re campagne de lev\u00e9e de fonds sur le march\u00e9 r\u00e9gional de la Direction g\u00e9n\u00e9rale du tr\u00e9sor et de la comptabilit\u00e9 publique du Burkina Faso a \u00e9t\u00e9 une r\u00e9ussite. Sur un montant global mis en adjudication de 35 milliards de FCFA, l&rsquo;\u00e9metteur s&rsquo;est retrouv\u00e9 avec 45,037 milliards de FCFA de soumissions globales provenant des investisseurs. Cela \u00e9quivaut \u00e0 un taux de couverture du montant mis en adjudication de 128,68%.<\/p>\n<p>Apr\u00e8s adjudication, le Tr\u00e9sor Public burkinab\u00e9 a retenu 36,500 milliards de FCFA et rejet\u00e9 les 8,537 milliards de FCFA restants, soit un taux d&rsquo;absorption de 81,04%.<\/p>\n<p>Le rendement moyen pond\u00e9r\u00e9 s&rsquo;est \u00e9tabli \u00e0 3,01%. Le taux marginal est \u00e9galement \u00e0 3,44% contre 2,92% pour le taux moyen pond\u00e9r\u00e9.<\/p>\n<p>Le remboursement des bons \u00e9mis interviendra le premier jour ouvr\u00e9 suivant la date d&rsquo;\u00e9ch\u00e9ance fix\u00e9e au 4 janvier 2023. Par contre, les int\u00e9r\u00eats sont payables d&rsquo;avance et pr\u00e9compt\u00e9s sur la valeur nominale des bons qui est d&rsquo;un million de FCFA.<\/p>\n<p>D&rsquo;une maturit\u00e9 de 364 jours, cette \u00e9mission de BAT dans tous les pays membres de l&rsquo;UMOA vise \u00e0 mobiliser l&rsquo;\u00e9pargne des personnes physiques et morales en vue d&rsquo;assurer la couverture des besoins de financement du budget de l&rsquo;Etat.<\/p>\n<p>Cet article <a rel=\"nofollow\" href=\"https:\/\/www.journalducameroun.com\/burkina-belle-moisson-du-tresor-public-sur-le-marche-regional\/\">Burkina: belle moisson du tr\u00e9sor public sur le march\u00e9 r\u00e9gional<\/a> est apparu en premier sur <a rel=\"nofollow\" href=\"https:\/\/www.journalducameroun.com\/\">Journal du Cameroun<\/a>.<\/p>\n<\/div>\n<p>Auteur: APA News<br \/>\n<a href=\"https:\/\/www.journalducameroun.com\/burkina-belle-moisson-du-tresor-public-sur-le-marche-regional\/\">Cliquez ici pour lire l&rsquo;article depuis sa source.<\/a><\/p>\n","protected":false},"excerpt":{"rendered":"<p>L&rsquo;Etat du Burkina Faso a lev\u00e9, ce mercredi, 36,5 milliards de FCFA sur le march\u00e9 financier de l&rsquo;Union mon\u00e9taire ouest africaine (UMOA) au terme de son \u00e9mission de bons assimilables du tr\u00e9sor (BAT), a appris APA. La premi\u00e8re campagne de lev\u00e9e de fonds sur le march\u00e9 r\u00e9gional de la Direction g\u00e9n\u00e9rale du tr\u00e9sor et de [&hellip;]<\/p>\n","protected":false},"author":1965,"featured_media":0,"comment_status":"closed","ping_status":"closed","sticky":false,"template":"","format":"standard","meta":{"fifu_image_url":"https:\/\/www.journalducameroun.com\/wp-content\/uploads\/2022\/01\/16414138839360.jpg","fifu_image_alt":"Burkina: belle moisson du tr\u00e9sor public sur le march\u00e9 r\u00e9gional","footnotes":""},"categories":[73,82],"tags":[],"class_list":["post-137794","post","type-post","status-publish","format-standard","hentry","category-actualite","category-cameroun"],"_links":{"self":[{"href":"https:\/\/linitiative.ca\/International\/wp-json\/wp\/v2\/posts\/137794","targetHints":{"allow":["GET"]}}],"collection":[{"href":"https:\/\/linitiative.ca\/International\/wp-json\/wp\/v2\/posts"}],"about":[{"href":"https:\/\/linitiative.ca\/International\/wp-json\/wp\/v2\/types\/post"}],"author":[{"embeddable":true,"href":"https:\/\/linitiative.ca\/International\/wp-json\/wp\/v2\/users\/1965"}],"replies":[{"embeddable":true,"href":"https:\/\/linitiative.ca\/International\/wp-json\/wp\/v2\/comments?post=137794"}],"version-history":[{"count":0,"href":"https:\/\/linitiative.ca\/International\/wp-json\/wp\/v2\/posts\/137794\/revisions"}],"wp:attachment":[{"href":"https:\/\/linitiative.ca\/International\/wp-json\/wp\/v2\/media?parent=137794"}],"wp:term":[{"taxonomy":"category","embeddable":true,"href":"https:\/\/linitiative.ca\/International\/wp-json\/wp\/v2\/categories?post=137794"},{"taxonomy":"post_tag","embeddable":true,"href":"https:\/\/linitiative.ca\/International\/wp-json\/wp\/v2\/tags?post=137794"}],"curies":[{"name":"wp","href":"https:\/\/api.w.org\/{rel}","templated":true}]}}