{"id":137799,"date":"2022-01-05T05:30:50","date_gmt":"2022-01-05T10:30:50","guid":{"rendered":"https:\/\/linitiative.ca\/International\/jonathan-nyemb-designe-comme-representant-du-gicam-a-la-commission-nationale-de-la-concurrence\/"},"modified":"2022-01-05T05:30:50","modified_gmt":"2022-01-05T10:30:50","slug":"jonathan-nyemb-designe-comme-representant-du-gicam-a-la-commission-nationale-de-la-concurrence","status":"publish","type":"post","link":"https:\/\/linitiative.ca\/International\/jonathan-nyemb-designe-comme-representant-du-gicam-a-la-commission-nationale-de-la-concurrence\/","title":{"rendered":"Jonathan Nyemb d\u00e9sign\u00e9 comme repr\u00e9sentant du Gicam \u00e0 la Commission nationale de la Concurrence"},"content":{"rendered":"<div>\n<p>Sous la pr\u00e9sidence du Ministre du Commerce, Luc magloire Mbarga Atangana, la Commission Nationale de la Concurrence (CNC), organe de r\u00e9gulation du march\u00e9 local, s\u2019est r\u00e9unie le 16 d\u00e9cembre 2021 en session ordinaire. Au cours des travaux, la commission a ent\u00e9rin\u00e9 l\u2019arriv\u00e9e en son sein d\u2019un nouveau repr\u00e9sentant du Groupement Interpatronal du Cameroun (Gicam). Il s\u2019agit de Jacques Jonathan Nyemb. D\u00e9sign\u00e9 par le pr\u00e9sident du Gicam, ce juriste d\u2019affaire r\u00e9put\u00e9, remplace Ren\u00e9 Libon au sein de la commission et y occupera le poste de Commissaire \u00e0 la concurrence. Pour le Gicam, la pr\u00e9sence \u00e0 ce conseil rev\u00eat un enjeu strat\u00e9gique, celui d\u2019encadrer au mieux les pratiques anti-concurrentielles qui ne permettent pas l\u2019\u00e9mergence de champions nationaux.\u00a0Le nouveau repr\u00e9sentant du patronat devra surtout s\u2019assurer du respect des r\u00e8gles de concurrence sur le march\u00e9 camerounais.\u00a0Une mission d\u2019envergure qui intervient au moment o\u00f9 le Gicam intensifie son plaidoyer en faveur de la protection du tissu industriel local, tr\u00e8s souvent min\u00e9e par la concurrence d\u00e9loyale. La principale organisation patronale du pays a d\u2019ailleurs r\u00e9cemment annonc\u00e9 sa volont\u00e9 de cr\u00e9er en son sein un observatoire de la concurrence\u00a0\u00a0(OCC-GICAM). L\u2019objectif de cet organe en gestation\u00a0est de\u00a0\u00ab<em>\u2009contribuer \u00e0 la r\u00e9duction des distorsions de concurrence pour am\u00e9liorer la comp\u00e9titivit\u00e9 des entreprises et l\u2019attractivit\u00e9 de l\u2019espace \u00e9conomique national<\/em>\u2009\u00bb. De mani\u00e8re concr\u00e8te, les entreprises\u00a0seront donc invit\u00e9es \u00e0 adresser leurs pr\u00e9occupations y relative \u00e0 l\u2019observatoire qui se chargera de mener les investigations n\u00e9cessaires afin de construire des plaidoyers \u00e0 l\u2019attention des pouvoirs publics.\u00a0<\/p>\n<p><strong>Lire aussi<\/strong> : <a href=\"https:\/\/ecomatin.net\/jonathan-nyemb-rejoint-lequipe-darrangeurss-de-leurobond-du-cameroun\/\"><strong>Jonathan Nyemb rejoint l\u2019\u00e9quipe d\u2019arrangeurs de l\u2019Eurobond du Cameroun<\/strong><\/a><\/p>\n<p>Pour sa part, la CNC a \u00e9t\u00e9\u00a0institu\u00e9e par la loi N\u00b0 98\/013 du 14 juillet 1998 relative \u00e0 la concurrence. Sa mission?\u00a0Rechercher, contr\u00f4ler et, le cas \u00e9ch\u00e9ant, poursuivre et sanctionner les pratiques anticoncurrentielles. Elle\u00a0\u00a0\u00a0apporte son expertise et l\u2019assistance n\u00e9cessaires \u00e0 la prise des d\u00e9cisions de justice en mati\u00e8re de concurrence et \u00e9met un avis sur toutes les questions relatives \u00e0 la politique de la concurrence au Cameroun notamment, sur les projets de textes l\u00e9gislatifs et r\u00e9glementaires susceptibles d\u2019influencer l\u2019exercice de la concurrence sur le march\u00e9 int\u00e9rieur.<\/p>\n<p><strong>Lire aussi<\/strong> : <a href=\"https:\/\/ecomatin.net\/hausse-du-fret-pourquoi-le-gicam-m-rejette-les-mesures-du-gouvernement\/\"><strong>Hausse du fret : pourquoi le Gicam<\/strong> <strong>rejette les mesures du gouvernement<\/strong><\/a><\/p>\n<p>A 35 ans,\u00a0\u00a0Jacques Jonathan Nyemb semble avoir l\u2019\u00e9toffe pour porter au mieux les int\u00e9r\u00eats du patronat au sein de cette instance. Membre du Conseil d\u2019administration\u00a0et Porte-Parole du Gicam, il pilote \u00e9galement le tr\u00e8s r\u00e9put\u00e9 cabinet Nyemb bas\u00e9 \u00e0 Douala\u00a0\u00a0Sa ma\u00eetrise du droit des affaires est un atout ind\u00e9niable dans l\u2019atteinte de cet objectif. EN 2021, il a \u00e9t\u00e9 le conseiller juridique du consortium d\u2019arrangeurs du refinancement de l\u2019Eurobond du Cameroun(450 milliards).\u00a0Dans la pratique, Jacques Jonathan Nyemb conseille les clients (entreprises, gouvernements) sur les op\u00e9rations commerciales et financi\u00e8res notamment les cr\u00e9ations et d\u00e9veloppements d\u2019entreprises, les projets d\u2019investissements, les investissements en private equity et les financements structur\u00e9s. Titulaire d\u2019un Master 2 Professionnel en Droit Bancaire et Financier,\u00a0le nouveau promu est \u00e9galement titulaire d\u2019un dipl\u00f4me de Master in Public Administration \u00e0 l\u2019Universit\u00e9 d\u2019Harvard et un dipl\u00f4me de Master of Laws a la London School of Economics and Political Science.\u00a0<\/p>\n<p>L\u2019article <a rel=\"nofollow\" href=\"https:\/\/ecomatin.net\/jonathan-nyemb-designe-comme-representant-du-gicam-a-la-commission-nationale-de-la-concurrence\/\">Jonathan Nyemb d\u00e9sign\u00e9 comme repr\u00e9sentant du Gicam \u00e0 la Commission nationale de la Concurrence<\/a> est apparu en premier sur <a rel=\"nofollow\" href=\"https:\/\/ecomatin.net\/\">EcoMatin<\/a>.<\/p>\n<\/div>\n<p>Auteur: Cedrick JIONGO<br \/>\n<a href=\"https:\/\/ecomatin.net\/jonathan-nyemb-designe-comme-representant-du-gicam-a-la-commission-nationale-de-la-concurrence\/\">Cliquez ici pour lire l&rsquo;article depuis sa source.<\/a><\/p>\n","protected":false},"excerpt":{"rendered":"<p>Sous la pr\u00e9sidence du Ministre du Commerce, Luc magloire Mbarga Atangana, la Commission Nationale de la Concurrence (CNC), organe de r\u00e9gulation du march\u00e9 local, s\u2019est r\u00e9unie le 16 d\u00e9cembre 2021 en session ordinaire. Au cours des travaux, la commission a ent\u00e9rin\u00e9 l\u2019arriv\u00e9e en son sein d\u2019un nouveau repr\u00e9sentant du Groupement Interpatronal du Cameroun (Gicam). Il [&hellip;]<\/p>\n","protected":false},"author":1969,"featured_media":0,"comment_status":"closed","ping_status":"closed","sticky":false,"template":"","format":"standard","meta":{"fifu_image_url":"","fifu_image_alt":"","footnotes":""},"categories":[82,78],"tags":[],"class_list":["post-137799","post","type-post","status-publish","format-standard","hentry","category-cameroun","category-economie"],"_links":{"self":[{"href":"https:\/\/linitiative.ca\/International\/wp-json\/wp\/v2\/posts\/137799","targetHints":{"allow":["GET"]}}],"collection":[{"href":"https:\/\/linitiative.ca\/International\/wp-json\/wp\/v2\/posts"}],"about":[{"href":"https:\/\/linitiative.ca\/International\/wp-json\/wp\/v2\/types\/post"}],"author":[{"embeddable":true,"href":"https:\/\/linitiative.ca\/International\/wp-json\/wp\/v2\/users\/1969"}],"replies":[{"embeddable":true,"href":"https:\/\/linitiative.ca\/International\/wp-json\/wp\/v2\/comments?post=137799"}],"version-history":[{"count":0,"href":"https:\/\/linitiative.ca\/International\/wp-json\/wp\/v2\/posts\/137799\/revisions"}],"wp:attachment":[{"href":"https:\/\/linitiative.ca\/International\/wp-json\/wp\/v2\/media?parent=137799"}],"wp:term":[{"taxonomy":"category","embeddable":true,"href":"https:\/\/linitiative.ca\/International\/wp-json\/wp\/v2\/categories?post=137799"},{"taxonomy":"post_tag","embeddable":true,"href":"https:\/\/linitiative.ca\/International\/wp-json\/wp\/v2\/tags?post=137799"}],"curies":[{"name":"wp","href":"https:\/\/api.w.org\/{rel}","templated":true}]}}