{"id":137800,"date":"2022-01-05T08:39:22","date_gmt":"2022-01-05T13:39:22","guid":{"rendered":"https:\/\/linitiative.ca\/International\/exploitation-miniere-11-304-carats-de-diamants-traces-entre-2016-et-2021\/"},"modified":"2022-01-05T08:39:22","modified_gmt":"2022-01-05T13:39:22","slug":"exploitation-miniere-11-304-carats-de-diamants-traces-entre-2016-et-2021","status":"publish","type":"post","link":"https:\/\/linitiative.ca\/International\/exploitation-miniere-11-304-carats-de-diamants-traces-entre-2016-et-2021\/","title":{"rendered":"Exploitation mini\u00e8re : 11 304 carats de diamants trac\u00e9s entre 2016 et 2021"},"content":{"rendered":"<div>\n<p>L\u2019admission du Cameroun au processus de Kimberly en ao\u00fbt 2012 lui a permis d\u2019\u00e9largir le tissu \u00e9conomique des zones d\u2019exploitation et de commercialisation des diamants bruts. Ceci\u00a0\u00a0\u00e0 travers la cr\u00e9ation d\u2019emploi et le d\u00e9veloppement des activit\u00e9s connexes \u00e0 l\u2019exploitation mini\u00e8re. Par ailleurs, le Cameroun participe d\u00e9sormais au r\u00e9seau mondial de pr\u00e9vention du financement des conflits arm\u00e9s par les revenus issus de l\u2019exploitation des diamants bruts, am\u00e9liore sa position dans le doing business, accroit son assiette fiscale avec l\u2019int\u00e9gration des recettes issues de l\u2019exportation des diamants bruts et augmente la contribution de la mine solide au PIB.<\/p>\n<p><strong>Lire aussi<\/strong> : <a href=\"https:\/\/ecomatin.net\/le-ministre-des-mines-interdit-le-travail-l-des-mineurs-dans-les-sites-dexploitation-miniere\/\"><strong>Le ministre des Mines interdit le travail des mineurs dans les sites d\u2019exploitation mini\u00e8re<\/strong><\/a><\/p>\n<p>\u00a0A titre d\u2019illustration, entre 2016 et 2021, 11\u00a0304,42 carats de diamants ont \u00e9t\u00e9 trac\u00e9s dans les circuits formels de commercialisation. 5\u00a0923,46 carats ont \u00e9t\u00e9 export\u00e9s et 120,922\u00a0millions de FCFA ont \u00e9t\u00e9 collect\u00e9s eu titre des imp\u00f4ts et taxes li\u00e9es \u00e0 l\u2019exportation desdits diamants. Ce constat a \u00e9t\u00e9 fait par Daniel Mackaire Eloung Nna, secr\u00e9taire national permanant du processus de Kimberly. C\u2019\u00e9tait \u00e0 l\u2019occasion de la c\u00e9r\u00e9monie de lancement des activit\u00e9s de recensement, de sensibilisation, de formation et de formalisation des acteurs de l\u2019artisanat minier le 16 d\u00e9cembre 2021 \u00e0 Kett\u00e9 dans la d\u00e9partement de la Kadey. Le processus de Kimberly est un cadre de certification internationale des diamants brut afin d\u2019assurer l\u2019exploitation et la commercialisation surveill\u00e9es. Dans l\u2019optique d\u2019impl\u00e9menter ces exigences, le Secr\u00e9tariat national permanent a d\u00e9cid\u00e9 de r\u00e9aliser au cours de l\u2019ann\u00e9e 2021, le recensement, la sensibilisation, la formation et la formalisation des acteurs de l\u2019artisanat minier ainsi que la cartographie des sites diamantif\u00e8res dans les arrondissements de Kett\u00e9, Mbotoro, Kentzou et Gari-Gombo dans la r\u00e9gion de l\u2019Est. L\u2019activit\u00e9 consiste \u00e0 accompagner environ 1500 acteurs miniers \u00e0 l\u2019obtention des cartes de collecteurs et d\u2019artisans ainsi que leur organisation autour de groupements socioprofessionnels d\u2019artisans miniers.<\/p>\n<p><strong>Lire aussi<\/strong> : <a href=\"https:\/\/ecomatin.net\/exploitation-miniere-canyon-ressources-mobilise-34-milliards-pour-le-projet-de-mini-martap\/\"><strong>Exploitation mini\u00e8re : Canyon Ressources mobilise 3,4 milliards pour le projet de Mini-Martap<\/strong><\/a><\/p>\n<p>Au cours de la c\u00e9r\u00e9monie pr\u00e9sid\u00e9e par le secr\u00e9taire d\u2019Etat aupr\u00e8s du ministre des Mines, de l\u2019industrie et du d\u00e9veloppement technologique, Fuh Calistus, les artisans miniers ont pr\u00e9sent\u00e9 une s\u00e9rie de dol\u00e9ances. \u00ab\u00a0Nous souhaitons porter \u00e0 votre attention le probl\u00e8me li\u00e9 \u00e0 la p\u00e9nibilit\u00e9 du travail que nous effectuons. Nous avons pour cela besoin d\u2019un accompagnement en mat\u00e9riel notamment des motopompes, des pelles, des \u00e9quipements de protection individuelle, des balances, des loupes et autres pour am\u00e9liorer les conditions de travail et produire de mani\u00e8re optimale\u00a0\u00bb, a indiqu\u00e9 Joseph Bournet, porte parole des artisans miniers de l\u2019Est. Ce dernier a \u00e9galement insist\u00e9 sur le fait que \u00ab\u00a0l\u2019autre probl\u00e8me qui pr\u00e9occupe les artisans miniers et qui risque \u00e0 terme de plomber l\u2019artisanat minier, est celui relatif aux espaces. Depuis quelques temps, nous voyons nos espaces r\u00e9duits au profit des titulaires des permis de recherche et des soci\u00e9t\u00e9s engag\u00e9es dans l\u2019exploitation artisanales semi-m\u00e9canis\u00e9e. Nous souhaitons donc que vous nous accompagnez dans la s\u00e9curisation de nos espaces de travail\u00a0\u00bb.<\/p>\n<p><strong>Lire aussi<\/strong> : <a href=\"https:\/\/ecomatin.net\/exploitation-miniere-du-fer-de-mbalamm-sundance-traine-le-cameroun-en-justice\/\"><strong>Exploitation mini\u00e8re du fer de Mbalam : Sundance tra\u00eene le Cameroun en justice<\/strong><\/a><\/p>\n<p>De son c\u00f4t\u00e9, Emmanuel Gbanga, maire de la commune de Kett\u00e9 estime qu\u2019il \u00e9tait temps de mener cette op\u00e9ration d\u2019assainissement du secteur minier \u00ab\u00a0vu l\u2019imbroglio sur le terrain\u00a0\u00bb. Le maire a notamment pr\u00e9sent\u00e9 comme dol\u00e9ance, \u00ab\u00a0l\u2019implication du minist\u00e8re de l\u2019environnement lors des \u00e9tudes d\u2019impact environnemental, la s\u00e9curisation des sites miniers, le paiement effectif de la taxe ad-valorem aux communes et l\u2019implication des communes dans l\u2019implantation des soci\u00e9t\u00e9s d\u2019exploitation mini\u00e8re afin de mieux contr\u00f4ler les cahiers des charges sign\u00e9s par ces derni\u00e8res avec les communaut\u00e9s riveraines\u00a0\u00bb. De l\u2019avis des artisans miniers, le d\u00e9sordre \u00e9voqu\u00e9 par ces orateurs plus haut est la principale cause du trafic illicite des substances minerais notamment le diamant.<\/p>\n<p><strong>Martin Foula<\/strong><\/p>\n<p>L\u2019article <a rel=\"nofollow\" href=\"https:\/\/ecomatin.net\/exploitation-miniere-11-304-carats-de-diamants-traces-entre-2016-et-2021\/\">Exploitation mini\u00e8re : 11 304 carats de diamants trac\u00e9s entre 2016 et 2021<\/a> est apparu en premier sur <a rel=\"nofollow\" href=\"https:\/\/ecomatin.net\/\">EcoMatin<\/a>.<\/p>\n<\/div>\n<p>Auteur: EcoMatin<br \/>\n<a href=\"https:\/\/ecomatin.net\/exploitation-miniere-11-304-carats-de-diamants-traces-entre-2016-et-2021\/\">Cliquez ici pour lire l&rsquo;article depuis sa source.<\/a><\/p>\n","protected":false},"excerpt":{"rendered":"<p>L\u2019admission du Cameroun au processus de Kimberly en ao\u00fbt 2012 lui a permis d\u2019\u00e9largir le tissu \u00e9conomique des zones d\u2019exploitation et de commercialisation des diamants bruts. Ceci\u00a0\u00a0\u00e0 travers la cr\u00e9ation d\u2019emploi et le d\u00e9veloppement des activit\u00e9s connexes \u00e0 l\u2019exploitation mini\u00e8re. Par ailleurs, le Cameroun participe d\u00e9sormais au r\u00e9seau mondial de pr\u00e9vention du financement des conflits [&hellip;]<\/p>\n","protected":false},"author":1969,"featured_media":0,"comment_status":"closed","ping_status":"closed","sticky":false,"template":"","format":"standard","meta":{"fifu_image_url":"","fifu_image_alt":"","footnotes":""},"categories":[82,78],"tags":[],"class_list":["post-137800","post","type-post","status-publish","format-standard","hentry","category-cameroun","category-economie"],"_links":{"self":[{"href":"https:\/\/linitiative.ca\/International\/wp-json\/wp\/v2\/posts\/137800","targetHints":{"allow":["GET"]}}],"collection":[{"href":"https:\/\/linitiative.ca\/International\/wp-json\/wp\/v2\/posts"}],"about":[{"href":"https:\/\/linitiative.ca\/International\/wp-json\/wp\/v2\/types\/post"}],"author":[{"embeddable":true,"href":"https:\/\/linitiative.ca\/International\/wp-json\/wp\/v2\/users\/1969"}],"replies":[{"embeddable":true,"href":"https:\/\/linitiative.ca\/International\/wp-json\/wp\/v2\/comments?post=137800"}],"version-history":[{"count":0,"href":"https:\/\/linitiative.ca\/International\/wp-json\/wp\/v2\/posts\/137800\/revisions"}],"wp:attachment":[{"href":"https:\/\/linitiative.ca\/International\/wp-json\/wp\/v2\/media?parent=137800"}],"wp:term":[{"taxonomy":"category","embeddable":true,"href":"https:\/\/linitiative.ca\/International\/wp-json\/wp\/v2\/categories?post=137800"},{"taxonomy":"post_tag","embeddable":true,"href":"https:\/\/linitiative.ca\/International\/wp-json\/wp\/v2\/tags?post=137800"}],"curies":[{"name":"wp","href":"https:\/\/api.w.org\/{rel}","templated":true}]}}