{"id":137801,"date":"2022-01-06T08:00:46","date_gmt":"2022-01-06T13:00:46","guid":{"rendered":"https:\/\/linitiative.ca\/International\/compte-a-rebours-pour-la-course-de-la-foret-diplomatique-de-tanger\/"},"modified":"2022-01-06T08:00:46","modified_gmt":"2022-01-06T13:00:46","slug":"compte-a-rebours-pour-la-course-de-la-foret-diplomatique-de-tanger","status":"publish","type":"post","link":"https:\/\/linitiative.ca\/International\/compte-a-rebours-pour-la-course-de-la-foret-diplomatique-de-tanger\/","title":{"rendered":"Compte \u00e0 rebours pour la Course de la for\u00eat diplomatique de Tanger"},"content":{"rendered":"<div>\n<p><img loading=\"lazy\" decoding=\"async\" width=\"300\" height=\"153\" src=\"https:\/\/linitiative.ca\/International\/wp-content\/uploads\/sites\/23\/2022\/01\/2-Il-vient-detre-amenage-et-dotes-dequipement-sportifs-et-de-loisirs-300x153-1.jpg\" class=\"attachment-medium size-medium wp-post-image\" alt=\"\" srcset=\"https:\/\/linitiative.ca\/International\/wp-content\/uploads\/sites\/23\/2022\/01\/2-Il-vient-detre-amenage-et-dotes-dequipement-sportifs-et-de-loisirs-300x153-1.jpg 300w, https:\/\/aujourdhui.ma\/wp-content\/uploads\/2022\/01\/2-Il-vient-detre-amenage-et-dotes-dequipement-sportifs-et-de-loisirs-274x140.jpg 274w, https:\/\/aujourdhui.ma\/wp-content\/uploads\/2022\/01\/2-Il-vient-detre-amenage-et-dotes-dequipement-sportifs-et-de-loisirs.jpg 746w, https:\/\/aujourdhui.ma\/wp-content\/uploads\/2022\/01\/2-Il-vient-detre-amenage-et-dotes-dequipement-sportifs-et-de-loisirs-165x84.jpg 165w, https:\/\/aujourdhui.ma\/wp-content\/uploads\/2022\/01\/2-Il-vient-detre-amenage-et-dotes-dequipement-sportifs-et-de-loisirs-702x358.jpg 702w\" sizes=\"auto, (max-width: 300px) 100vw, 300px\"><\/p>\n<p><strong><span style=\"color: #800000;\">Cet \u00e9v\u00e9nement fera d\u00e9couvrir les \u00e9quipements sportifs et les espaces de loisirs<\/span> du nouveau parc forestier<\/strong><span id=\"more-396838\"><\/span><\/p>\n<p>Les pr\u00e9paratifs pour le lancement de la premi\u00e8re \u00e9dition de la Course de la for\u00eat diplomatique de Tanger vont bon train. Pr\u00e9vu le 16 janvier prochain, cet \u00e9v\u00e9nement sportif se veut une grande f\u00eate annuelle pour les amoureux d\u2019athl\u00e9tisme et de la nature. Initi\u00e9e par l\u2019association Olympia sport Tanger en partenariat avec la wilaya de la r\u00e9gion de Tanger-T\u00e9touan- Al Hoceima, cette course (10 km) \u2013 qui s\u2019ouvre aux athl\u00e8tes adh\u00e9rents des clubs sportifs ou simples amateurs \u2013 s\u2019inscrit dans le cadre la c\u00e9l\u00e9bration du 78\u00e8me anniversaire du Manifeste de l\u2019ind\u00e9pendance. Les organisateurs veulent \u00e0 travers cet \u00e9v\u00e9nement faire d\u00e9couvrir au public les \u00e9quipements sportifs et des espaces de loisirs du nouveau parc, qui vient d\u2019\u00eatre am\u00e9nag\u00e9 au sein de la for\u00eat diplomatique de Tanger. Tr\u00e8s attendue, l\u2019ouverture de ce parc forestier en ce temps de pand\u00e9mie permet aux Tang\u00e9rois et des habitants des zones voisines de se ressourcer loin du bruit et du stress de la ville.<\/p>\n<p>D\u2019une enveloppe budg\u00e9taire globale de 42 millions de dirhams, ce nouvel espace fait partie d\u2019un ensemble de parcs forestiers, am\u00e9nag\u00e9s au cours des derni\u00e8res ann\u00e9es dans le Nord. S\u2019\u00e9tendant sur une superficie de 256 hectares dans l\u2019un des plus importants sites naturels et historiques, ce nouvel espace est le plus grand du genre sur le territoire r\u00e9gional. Il est le fruit d\u2019une convention de partenariat liant le d\u00e9partement des eaux et for\u00eats \u00e0 l\u2019Agence pour la promotion et le d\u00e9veloppement du Nord, au Conseil r\u00e9gional de Tanger-T\u00e9touan-Al Hoceima, \u00e0 la commune de Gueznaya, au Conseil pr\u00e9fectoral de Tanger- Asilah. Et vu son importance pour la protection du patrimoine naturel et historique et l\u2019animation de la r\u00e9gion, ce projet a b\u00e9n\u00e9fici\u00e9 d\u2019un grand int\u00e9r\u00eat de la wilaya, mais aussi du soutien financier des investisseurs priv\u00e9s. A l\u2019instar des autres nouveaux parcs forestiers du Nord, ce projet vise \u00e9galement \u00e0 renforcer le r\u00f4le social de la for\u00eat \u00e0 travers l\u2019am\u00e9lioration de la qualit\u00e9 d\u2019accueil de ses visiteurs et la sensibilisation des acteurs locaux \u00e0 la protection de l\u2019environnement.<\/p>\n<p>Selon les dispositions de cette convention, toutes les parties signataires s\u2019engagent \u00e0 aider \u00e0 la r\u00e9alisation de tous les objectifs fix\u00e9s dans le cadre de ce partenariat. B\u00e9n\u00e9ficiant de son positionnement au bord de l\u2019oc\u00e9an Atlantique, plus pr\u00e9cis\u00e9ment au sud-ouest de Tanger, ce projet se distingue par ses \u00e9quipements destin\u00e9s \u00e0 accueillir des activit\u00e9s sportives, dont 9 kilom\u00e8tres de sentiers ayant \u00e9t\u00e9 am\u00e9nag\u00e9s, au grand bonheur des passionn\u00e9s de la marche et course \u00e0 pied. Il est compos\u00e9 des espaces bien \u00e9quip\u00e9s et am\u00e9nag\u00e9s pour les piqueniques (pr\u00e8s de 40 tables en bois) et des aires de jeux pour enfants.<\/p>\n<\/div>\n<p>Auteur: Najat Fa\u00efssal<br \/>\n<a href=\"https:\/\/aujourdhui.ma\/une\/compte-a-rebours-pour-la-course-de-la-foret-diplomatique-de-tanger\">Cliquez ici pour lire l&rsquo;article depuis sa source.<\/a><\/p>\n","protected":false},"excerpt":{"rendered":"<p>Cet \u00e9v\u00e9nement fera d\u00e9couvrir les \u00e9quipements sportifs et les espaces de loisirs du nouveau parc forestier Les pr\u00e9paratifs pour le lancement de la premi\u00e8re \u00e9dition de la Course de la for\u00eat diplomatique de Tanger vont bon train. Pr\u00e9vu le 16 janvier prochain, cet \u00e9v\u00e9nement sportif se veut une grande f\u00eate annuelle pour les amoureux d\u2019athl\u00e9tisme [&hellip;]<\/p>\n","protected":false},"author":1759,"featured_media":0,"comment_status":"closed","ping_status":"closed","sticky":false,"template":"","format":"standard","meta":{"fifu_image_url":"https:\/\/aujourdhui.ma\/wp-content\/uploads\/2022\/01\/2-Il-vient-detre-amenage-et-dotes-dequipement-sportifs-et-de-loisirs-300x153.jpg","fifu_image_alt":"Compte \u00e0 rebours pour la Course de la for\u00eat diplomatique de Tanger","footnotes":""},"categories":[73,54],"tags":[],"class_list":["post-137801","post","type-post","status-publish","format-standard","hentry","category-actualite","category-maroc"],"_links":{"self":[{"href":"https:\/\/linitiative.ca\/International\/wp-json\/wp\/v2\/posts\/137801","targetHints":{"allow":["GET"]}}],"collection":[{"href":"https:\/\/linitiative.ca\/International\/wp-json\/wp\/v2\/posts"}],"about":[{"href":"https:\/\/linitiative.ca\/International\/wp-json\/wp\/v2\/types\/post"}],"author":[{"embeddable":true,"href":"https:\/\/linitiative.ca\/International\/wp-json\/wp\/v2\/users\/1759"}],"replies":[{"embeddable":true,"href":"https:\/\/linitiative.ca\/International\/wp-json\/wp\/v2\/comments?post=137801"}],"version-history":[{"count":0,"href":"https:\/\/linitiative.ca\/International\/wp-json\/wp\/v2\/posts\/137801\/revisions"}],"wp:attachment":[{"href":"https:\/\/linitiative.ca\/International\/wp-json\/wp\/v2\/media?parent=137801"}],"wp:term":[{"taxonomy":"category","embeddable":true,"href":"https:\/\/linitiative.ca\/International\/wp-json\/wp\/v2\/categories?post=137801"},{"taxonomy":"post_tag","embeddable":true,"href":"https:\/\/linitiative.ca\/International\/wp-json\/wp\/v2\/tags?post=137801"}],"curies":[{"name":"wp","href":"https:\/\/api.w.org\/{rel}","templated":true}]}}