{"id":137803,"date":"2022-01-06T09:00:30","date_gmt":"2022-01-06T14:00:30","guid":{"rendered":"https:\/\/linitiative.ca\/International\/la-vaccination-des-5-11-ans-vulnerables-recommandee\/"},"modified":"2022-01-06T09:00:30","modified_gmt":"2022-01-06T14:00:30","slug":"la-vaccination-des-5-11-ans-vulnerables-recommandee","status":"publish","type":"post","link":"https:\/\/linitiative.ca\/International\/la-vaccination-des-5-11-ans-vulnerables-recommandee\/","title":{"rendered":"La vaccination des 5-11 ans vuln\u00e9rables recommand\u00e9e"},"content":{"rendered":"<div>\n<p><img loading=\"lazy\" decoding=\"async\" width=\"300\" height=\"153\" src=\"https:\/\/linitiative.ca\/International\/wp-content\/uploads\/sites\/23\/2022\/01\/monulpiravir-merck-pilule-anti-covid-300x153-1.jpg\" class=\"attachment-medium size-medium wp-post-image\" alt=\"\" srcset=\"https:\/\/linitiative.ca\/International\/wp-content\/uploads\/sites\/23\/2022\/01\/monulpiravir-merck-pilule-anti-covid-300x153-1.jpg 300w, https:\/\/aujourdhui.ma\/wp-content\/uploads\/2022\/01\/monulpiravir-merck-pilule-anti-covid-274x140.jpg 274w, https:\/\/aujourdhui.ma\/wp-content\/uploads\/2022\/01\/monulpiravir-merck-pilule-anti-covid-746x380.jpg 746w, https:\/\/aujourdhui.ma\/wp-content\/uploads\/2022\/01\/monulpiravir-merck-pilule-anti-covid-165x84.jpg 165w, https:\/\/aujourdhui.ma\/wp-content\/uploads\/2022\/01\/monulpiravir-merck-pilule-anti-covid-702x358.jpg 702w, https:\/\/aujourdhui.ma\/wp-content\/uploads\/2022\/01\/monulpiravir-merck-pilule-anti-covid.jpg 747w\" sizes=\"auto, (max-width: 300px) 100vw, 300px\"><\/p>\n<p><span style=\"color: #800000;\"><strong>La pilule anti-Covid de Merck a re\u00e7u l\u2019autorisation de mise sur le march\u00e9<\/strong><\/span><span id=\"more-396835\"><\/span><\/p>\n<p>Le Comit\u00e9 scientifique et technique s\u2019est r\u00e9uni mardi pour statuer sur l\u2019utilisation du m\u00e9dicament Molnupiravir, un antiviral d\u00e9velopp\u00e9 par le laboratoire am\u00e9ricain Merck pour le traitement de la Covid-19 chez l\u2019adulte. Le Comit\u00e9 a finalement donn\u00e9 son aval pour cette pilule rouge. Le Dr. Said Moutawakil, membre dudit Comit\u00e9, nous a confirm\u00e9 que la Direction des m\u00e9dicaments et de la pharmacie (DMP) a donn\u00e9 l\u2019autorisation de mise sur le march\u00e9 (AMM) de cet antiviral. Ce traitement oral devrait \u00eatre introduit tr\u00e8s prochainement dans le protocole th\u00e9rapeutique. Il permettrait de r\u00e9duire le nombre de cas graves pouvant aboutir \u00e0 une hospitalisation mais sous certaines conditions comme le signale le Dr Moutawakil. \u00abIl ne sera pas administr\u00e9 \u00e0 tout le monde. Une fiche sera \u00e9tablie par le minist\u00e8re de la sant\u00e9 d\u00e9taillant pr\u00e9cis\u00e9ment les personnes qui sont autoris\u00e9es \u00e0 prendre cet antiviral et les personnes pour lesquelles ce m\u00e9dicament est contre-indiqu\u00e9\u00bb, affirme-t-il. On sait d\u00e9j\u00e0 qu\u2019il est d\u00e9conseill\u00e9 pour les femmes enceintes.<\/p>\n<p>Ce m\u00e9dicament agit ainsi en diminuant la capacit\u00e9 du virus \u00e0 se r\u00e9pliquer et \u00e9vite qu\u2019il se propage dans le corps. Autrement dit, il freine la maladie et permet d\u2019\u00e9viter qu\u2019elle se transforme en une forme plus grave. Le Molnupiravir permet ainsi aux personnes atteintes de Covid de ne pas souffrir de sympt\u00f4mes graves, mais aussi \u00e0 celles ayant \u00e9t\u00e9 en contact rapproch\u00e9 de ne pas la d\u00e9velopper. Alors que la pilule du laboratoire am\u00e9ricain est autoris\u00e9e sur le march\u00e9 marocain, la Haute autorit\u00e9 de sant\u00e9 (HAS) qui s\u2019\u00e9tait prononc\u00e9e le 10 d\u00e9cembre dernier sur deux nouveaux traitements contre la Covid destin\u00e9s \u00e0 des patients \u00e0 risques a refus\u00e9 d\u2019autoriser l\u2019acc\u00e8s pr\u00e9coce au Molnupiravir. Dans son avis, celle-ci a indiqu\u00e9 que ce m\u00e9dicament est moins performant que d\u2019autres traitements. Selon l\u2019\u00e9tude MOVe-OUT \u00e9valuant son efficacit\u00e9, la pilule de Merck r\u00e9duit les risques de progression vers la forme grave de Covid-19 de 30% \u00abalors que l\u2019efficacit\u00e9 pour les anticorps monoclonaux casirivimab-imdevimab est d\u2019environ 80%\u00bb, souligne la HAS.<\/p>\n<p>La vaccination pour les enfants \u00e0 risque Par ailleurs, le Comit\u00e9 scientifique et technique de vaccination recommande la vaccination des enfants \u00e2g\u00e9s de 5 \u00e0 11 ans vuln\u00e9rables. \u00abSeuls les enfants de 5 \u00e0 11 ans pr\u00e9sentant des pathologies chroniques doivent \u00eatre vaccin\u00e9s et ce bien \u00e9videmment avec l\u2019accord de leurs parents\u00bb, indique Dr Said Afif, membre du Comit\u00e9. Autrement dit, il n\u2019est pas question de g\u00e9n\u00e9raliser la vaccination pour cette tranche d\u2019\u00e2ge. Signalons que ces enfants \u00ab\u00e0 risque\u00bb pr\u00e9sentent un risque accru de contracter une forme grave de la maladie. Parmi ces jeunes enfants, on retrouve ceux qui souffrent de maladies cardiaques et respiratoires chroniques, de maladies h\u00e9patiques chroniques, mais \u00e9galement d\u2019ob\u00e9sit\u00e9, de diab\u00e8te, d\u2019immunod\u00e9ficience primitive\u2026<\/p>\n<p>Alors que le variant Omicron continue de se propager, le Dr Afif rappelle que la 3\u00e8me dose est indispensable. Ce dernier fait remarquer que \u00abla femme de 67 ans qui est morte r\u00e9cemment \u00e9tait diab\u00e9tique, ob\u00e8se et avait re\u00e7u la 2\u00e8me dose du vaccin anti-Covid au mois de mars 2021, soit plus de 9 mois\u00bb. Le Dr Afif insiste \u00e0 nouveau sur le respect des mesures barri\u00e8res et l\u2019acc\u00e9l\u00e9ration de la vaccination qui constituent les seules armes pour freiner la propagation du virus.<\/p>\n<div class=\"base-box mom_box_sc_custom mom_box_sc clear\" style=\"-moz-border-radius: 5px; border-radius: 5px;background-color:#fdd8c6;\">\n<p><span style=\"color: #ff0000;\"><strong>Omicron pourrait g\u00e9n\u00e9rer des variants plus dangereux, alerte l\u2019OMS<\/strong><\/span><\/p>\n<p>La multiplication des cas de Covid-19 dans le monde dus au variant Omicron pourrait accro\u00eetre le risque d\u2019apparition d\u2019un variant plus dangereux, a averti mardi l\u2019OMS. Bien que le variant se propage dans le monde, il semble moins pathog\u00e8ne que ce que l\u2019on craignait initialement et a fait na\u00eetre l\u2019espoir que la pand\u00e9mie pourrait \u00eatre surmont\u00e9e. Cela dit, une responsable des situations d\u2019urgence \u00e0 l\u2019OMS, Catherine Smallwood, a indiqu\u00e9 \u00e0 l\u2019AFP que la mont\u00e9e en fl\u00e8che des taux d\u2019infection pourrait avoir l\u2019effet inverse. \u00abPlus Omicron se r\u00e9pand, plus il se transmet et plus il se r\u00e9plique, plus il est susceptible de g\u00e9n\u00e9rer un nouveau variant\u00bb, a-t-elle pr\u00e9cis\u00e9. \u00abActuellement Omicron est mortel, il peut causer la mort (\u2026) Peut-\u00eatre un peu moins que Delta, mais qui peut dire ce que le prochain variant pourrait g\u00e9n\u00e9rer ?\u00bb. \u00abNous sommes dans une phase tr\u00e8s dangereuse, les taux de contamination augmentent de mani\u00e8re tr\u00e8s significative en Europe occidentale, et l\u2019impact r\u00e9el de cela n\u2019est pas encore clair\u00bb, a-t-elle d\u00e9clar\u00e9. Si \u00abau niveau individuel, le risque d\u2019hospitalisation est probablement moindre\u00bb avec le variant Omicron qu\u2019avec Delta, dans l\u2019ensemble Omicron pourrait constituer une menace plus importante en raison du nombre de cas, a-t-elle poursuivi. \u00abLorsque le nombre de cas augmente de mani\u00e8re aussi significative, il est probable qu\u2019un nombre beaucoup plus important de personnes atteintes de maladies graves se retrouve \u00e0 l\u2019h\u00f4pital, voire meure\u00bb, a-t-elle indiqu\u00e9.<\/p>\n<\/div>\n<\/div>\n<p>Auteur: Laila Zerrour<br \/>\n<a href=\"https:\/\/aujourdhui.ma\/societe\/la-vaccination-des-5-11-ans-vulnerables-recommandee\">Cliquez ici pour lire l&rsquo;article depuis sa source.<\/a><\/p>\n","protected":false},"excerpt":{"rendered":"<p>La pilule anti-Covid de Merck a re\u00e7u l\u2019autorisation de mise sur le march\u00e9 Le Comit\u00e9 scientifique et technique s\u2019est r\u00e9uni mardi pour statuer sur l\u2019utilisation du m\u00e9dicament Molnupiravir, un antiviral d\u00e9velopp\u00e9 par le laboratoire am\u00e9ricain Merck pour le traitement de la Covid-19 chez l\u2019adulte. Le Comit\u00e9 a finalement donn\u00e9 son aval pour cette pilule rouge. [&hellip;]<\/p>\n","protected":false},"author":1759,"featured_media":0,"comment_status":"closed","ping_status":"closed","sticky":false,"template":"","format":"standard","meta":{"fifu_image_url":"https:\/\/aujourdhui.ma\/wp-content\/uploads\/2022\/01\/monulpiravir-merck-pilule-anti-covid-300x153.jpg","fifu_image_alt":"La vaccination des 5-11 ans vuln\u00e9rables recommand\u00e9e","footnotes":""},"categories":[73,54],"tags":[],"class_list":["post-137803","post","type-post","status-publish","format-standard","hentry","category-actualite","category-maroc"],"_links":{"self":[{"href":"https:\/\/linitiative.ca\/International\/wp-json\/wp\/v2\/posts\/137803","targetHints":{"allow":["GET"]}}],"collection":[{"href":"https:\/\/linitiative.ca\/International\/wp-json\/wp\/v2\/posts"}],"about":[{"href":"https:\/\/linitiative.ca\/International\/wp-json\/wp\/v2\/types\/post"}],"author":[{"embeddable":true,"href":"https:\/\/linitiative.ca\/International\/wp-json\/wp\/v2\/users\/1759"}],"replies":[{"embeddable":true,"href":"https:\/\/linitiative.ca\/International\/wp-json\/wp\/v2\/comments?post=137803"}],"version-history":[{"count":0,"href":"https:\/\/linitiative.ca\/International\/wp-json\/wp\/v2\/posts\/137803\/revisions"}],"wp:attachment":[{"href":"https:\/\/linitiative.ca\/International\/wp-json\/wp\/v2\/media?parent=137803"}],"wp:term":[{"taxonomy":"category","embeddable":true,"href":"https:\/\/linitiative.ca\/International\/wp-json\/wp\/v2\/categories?post=137803"},{"taxonomy":"post_tag","embeddable":true,"href":"https:\/\/linitiative.ca\/International\/wp-json\/wp\/v2\/tags?post=137803"}],"curies":[{"name":"wp","href":"https:\/\/api.w.org\/{rel}","templated":true}]}}