{"id":137805,"date":"2022-01-06T10:00:41","date_gmt":"2022-01-06T15:00:41","guid":{"rendered":"https:\/\/linitiative.ca\/International\/indigo-de-selma-bargach-a-lassaut-des-salles-obscures\/"},"modified":"2022-01-06T10:00:41","modified_gmt":"2022-01-06T15:00:41","slug":"indigo-de-selma-bargach-a-lassaut-des-salles-obscures","status":"publish","type":"post","link":"https:\/\/linitiative.ca\/International\/indigo-de-selma-bargach-a-lassaut-des-salles-obscures\/","title":{"rendered":"\u00abIndigo\u00bb de Selma Bargach \u00e0 l\u2019assaut des salles obscures"},"content":{"rendered":"<div>\n<p><img loading=\"lazy\" decoding=\"async\" width=\"300\" height=\"153\" src=\"https:\/\/linitiative.ca\/International\/wp-content\/uploads\/sites\/23\/2022\/01\/indigo-300x153-1.jpg\" class=\"attachment-medium size-medium wp-post-image\" alt=\"\" srcset=\"https:\/\/linitiative.ca\/International\/wp-content\/uploads\/sites\/23\/2022\/01\/indigo-300x153-1.jpg 300w, https:\/\/aujourdhui.ma\/wp-content\/uploads\/2022\/01\/indigo-274x140.jpg 274w, https:\/\/aujourdhui.ma\/wp-content\/uploads\/2022\/01\/indigo-746x380.jpg 746w, https:\/\/aujourdhui.ma\/wp-content\/uploads\/2022\/01\/indigo-165x84.jpg 165w, https:\/\/aujourdhui.ma\/wp-content\/uploads\/2022\/01\/indigo-702x358.jpg 702w, https:\/\/aujourdhui.ma\/wp-content\/uploads\/2022\/01\/indigo.jpg 744w\" sizes=\"auto, (max-width: 300px) 100vw, 300px\"><\/p>\n<p><span style=\"color: #800000;\"><strong>Il s\u2019agit de son 2\u00e8me film tourn\u00e9 en 2017 \u00e0 Casablanca<\/strong><\/span><span id=\"more-396841\"><\/span><\/p>\n<p>Apr\u00e8s avoir \u00e9t\u00e9 retard\u00e9 \u00e0 cause de la crise sanitaire, le deuxi\u00e8me film de la r\u00e9alisatrice Selma Bargach \u00abIndigo\u00bb sort enfin dans les salles obscures, \u00e0 partir de ce 5 janvier 2022. Un film \u00e9mouvant et touchant qui marquera sans doute la nouvelle rentr\u00e9e cin\u00e9matographique. \u00abApr\u00e8s 2 ans d\u2019attente, le film sort dans les salles. Je profite de cet espace pour remercier toutes les personnes qui ont accompagn\u00e9 le film depuis sa pr\u00e9paration jusqu\u2019\u00e0 sa sortie\u00bb, exprime la r\u00e9alisatrice sur les r\u00e9seaux sociaux. En effet, \u00abIndigo\u00bb nous offre une histoire extraordinaire autour de la jeune Nora, \u00e2g\u00e9e de 13 ans, qui se sent abandonn\u00e9e par son entourage. Suite \u00e0 un choc \u00e9motionnel, elle se r\u00e9fugie dans le monde de la voyance pour \u00e9chapper \u00e0 la brutalit\u00e9 de son fr\u00e8re Mehdi.<\/p>\n<p>Elle d\u00e9couvre un cadeau qui p\u00e8sera sur elle comme une mal\u00e9diction et provoquera des malentendus autour d\u2019elle. Son entourage est perturb\u00e9 par ses visions mais semble indiff\u00e9rent \u00e0 sa souffrance. Par ce film, Selma Bargach a voulu raconter l\u2019histoire de cette enfant, confront\u00e9e \u00e0 une soci\u00e9t\u00e9 o\u00f9 les \u00eatres sont perdus parce que pr\u00e9occup\u00e9s par leurs probl\u00e8mes et domin\u00e9s par leur \u00e9gos. \u00abPersonne ne prend au s\u00e9rieux Nora dans sa d\u00e9tresse. \u00abIndigo\u00bb place le spectateur \u00e0 la place de cette enfant, \u00e9gar\u00e9e dans son environnement, mais aussi \u00e0 la place des femmes et des hommes qui l\u2019entourent, perdus dans leur vie, dans leurs egos\u00bb, explique-t-elle. \u00abIndigo\u00bb met en vedette de nombreux noms du cin\u00e9ma national \u00e0 l\u2019instar de Khouloud Bettioui, Marwa Khalil, Mohamed Wahib Abkari, Aicha Mahmah, Karim Saidi, Malek Akhmis, Sarah Perles, Fadwa Taleb et la jeune Rim Kettani.<\/p>\n<p>Notons que ce film, produit par Agora film, a \u00e9t\u00e9 tourn\u00e9 en 2017 \u00e0 Casablanca. Il a b\u00e9n\u00e9fici\u00e9 du fonds d\u2019aide aupr\u00e8s du Centre cin\u00e9matographique marocain (CCM) depuis des ann\u00e9es. Le film a toujours \u00e9t\u00e9 bien accueilli lors de ses projections, aussi bien par les professionnels et critiques que par le large public. Il a, par ailleurs, re\u00e7u le prix de la critique africaine, Paulin Soumanon Vieyra, lors de la 26\u00e8me \u00e9dition de Festival panafricain du cin\u00e9ma et de la t\u00e9l\u00e9vision de Ouagadougou (FESPACO), le Prix du meilleur sc\u00e9nario international \u00e0 la 23\u00e8me \u00e9dition du festival Africain Ecrans Noirs \u00e0 Yaound\u00e9 (Cameroun), puis le Prix du meilleur r\u00f4le f\u00e9minin \u00e0 travers l\u2019actrice Khouloud, et ce, \u00e0 la 21\u00e8me \u00e9dition du Festival du cin\u00e9ma africain de Khouribga. Un autre Prix que Selma a eu pour son film est July 2019\/ CIFEJ \u00e0 la 22\u00e8me \u00e9dition de Zanzibar International Film Festival (Tanzanie).<\/p>\n<div class=\"base-box mom_box_sc_custom mom_box_sc clear\" style=\"-moz-border-radius: 5px; border-radius: 5px;background-color:#eeedeb;\">\n<p><strong>A propos de Selma Bargach<\/strong><\/p>\n<p>Native de Casablanca, Selma Bargach est docteure en art et en sciences de l\u2019art, option audiovisuel (Sorbonne \u00e0 Paris, 1997). Elle a, \u00e9galement, soutenu un doctorat sur le th\u00e8me \u00abLe statut et le r\u00f4le de la femme dans le cin\u00e9ma marocain\u00bb, sous la direction de Daniel Serceau. Son premier long m\u00e9trage, \u00abLa cinqui\u00e8me corde\u00bb, sorti en 2011, est consacr\u00e9 au parcours d\u2019un jeune musicien de luth. Il obtient plusieurs r\u00e9compenses dont le prix du meilleur son et une mention sp\u00e9ciale du jury au Festival national du film de Tanger.<\/p>\n<\/div>\n<\/div>\n<p>Auteur: Siham Jadraoui<br \/>\n<a href=\"https:\/\/aujourdhui.ma\/culture\/indigo-de-selma-bargach-a-lassaut-des-salles-obscures\">Cliquez ici pour lire l&rsquo;article depuis sa source.<\/a><\/p>\n","protected":false},"excerpt":{"rendered":"<p>Il s\u2019agit de son 2\u00e8me film tourn\u00e9 en 2017 \u00e0 Casablanca Apr\u00e8s avoir \u00e9t\u00e9 retard\u00e9 \u00e0 cause de la crise sanitaire, le deuxi\u00e8me film de la r\u00e9alisatrice Selma Bargach \u00abIndigo\u00bb sort enfin dans les salles obscures, \u00e0 partir de ce 5 janvier 2022. Un film \u00e9mouvant et touchant qui marquera sans doute la nouvelle rentr\u00e9e [&hellip;]<\/p>\n","protected":false},"author":1759,"featured_media":0,"comment_status":"closed","ping_status":"closed","sticky":false,"template":"","format":"standard","meta":{"fifu_image_url":"https:\/\/aujourdhui.ma\/wp-content\/uploads\/2022\/01\/indigo-300x153.jpg","fifu_image_alt":"\u00abIndigo\u00bb de Selma Bargach \u00e0 l\u2019assaut des salles obscures","footnotes":""},"categories":[73,54],"tags":[],"class_list":["post-137805","post","type-post","status-publish","format-standard","hentry","category-actualite","category-maroc"],"_links":{"self":[{"href":"https:\/\/linitiative.ca\/International\/wp-json\/wp\/v2\/posts\/137805","targetHints":{"allow":["GET"]}}],"collection":[{"href":"https:\/\/linitiative.ca\/International\/wp-json\/wp\/v2\/posts"}],"about":[{"href":"https:\/\/linitiative.ca\/International\/wp-json\/wp\/v2\/types\/post"}],"author":[{"embeddable":true,"href":"https:\/\/linitiative.ca\/International\/wp-json\/wp\/v2\/users\/1759"}],"replies":[{"embeddable":true,"href":"https:\/\/linitiative.ca\/International\/wp-json\/wp\/v2\/comments?post=137805"}],"version-history":[{"count":0,"href":"https:\/\/linitiative.ca\/International\/wp-json\/wp\/v2\/posts\/137805\/revisions"}],"wp:attachment":[{"href":"https:\/\/linitiative.ca\/International\/wp-json\/wp\/v2\/media?parent=137805"}],"wp:term":[{"taxonomy":"category","embeddable":true,"href":"https:\/\/linitiative.ca\/International\/wp-json\/wp\/v2\/categories?post=137805"},{"taxonomy":"post_tag","embeddable":true,"href":"https:\/\/linitiative.ca\/International\/wp-json\/wp\/v2\/tags?post=137805"}],"curies":[{"name":"wp","href":"https:\/\/api.w.org\/{rel}","templated":true}]}}