{"id":137813,"date":"2022-01-06T11:00:02","date_gmt":"2022-01-06T16:00:02","guid":{"rendered":"https:\/\/linitiative.ca\/International\/des-photographies-de-jeunes-de-sidi-moumen-pour-immortaliser-les-cinemas-casablancais\/"},"modified":"2022-01-06T11:00:02","modified_gmt":"2022-01-06T16:00:02","slug":"des-photographies-de-jeunes-de-sidi-moumen-pour-immortaliser-les-cinemas-casablancais","status":"publish","type":"post","link":"https:\/\/linitiative.ca\/International\/des-photographies-de-jeunes-de-sidi-moumen-pour-immortaliser-les-cinemas-casablancais\/","title":{"rendered":"Des photographies de jeunes de Sidi Moumen pour immortaliser les cin\u00e9mas casablancais\u2026"},"content":{"rendered":"<div>\n<p><img loading=\"lazy\" decoding=\"async\" width=\"300\" height=\"153\" src=\"https:\/\/linitiative.ca\/International\/wp-content\/uploads\/sites\/23\/2022\/01\/Des-photographies-de-jeunes-de-Sidi-Moumen-pour-immortaliser-les-cinemas-casablancaisE280A6-300x153-1.jpg\" class=\"attachment-medium size-medium wp-post-image\" alt=\"\" srcset=\"https:\/\/linitiative.ca\/International\/wp-content\/uploads\/sites\/23\/2022\/01\/Des-photographies-de-jeunes-de-Sidi-Moumen-pour-immortaliser-les-cinemas-casablancaisE280A6-300x153-1.jpg 300w, https:\/\/aujourdhui.ma\/wp-content\/uploads\/2022\/01\/Des-photographies-de-jeunes-de-Sidi-Moumen-pour-immortaliser-les-cinemas-casablancais\u2026-274x140.jpg 274w, https:\/\/aujourdhui.ma\/wp-content\/uploads\/2022\/01\/Des-photographies-de-jeunes-de-Sidi-Moumen-pour-immortaliser-les-cinemas-casablancais\u2026-746x380.jpg 746w, https:\/\/aujourdhui.ma\/wp-content\/uploads\/2022\/01\/Des-photographies-de-jeunes-de-Sidi-Moumen-pour-immortaliser-les-cinemas-casablancais\u2026-165x84.jpg 165w, https:\/\/aujourdhui.ma\/wp-content\/uploads\/2022\/01\/Des-photographies-de-jeunes-de-Sidi-Moumen-pour-immortaliser-les-cinemas-casablancais\u2026-702x358.jpg 702w, https:\/\/aujourdhui.ma\/wp-content\/uploads\/2022\/01\/Des-photographies-de-jeunes-de-Sidi-Moumen-pour-immortaliser-les-cinemas-casablancais\u2026.jpg 747w\" sizes=\"auto, (max-width: 300px) 100vw, 300px\"><\/p>\n<p><span style=\"color: #800000; font-size: 18px;\"><strong>Flash-back architectural sous l\u2019effet du zoom<\/strong><\/span><span id=\"more-396844\"><\/span><\/p>\n<p>Baptis\u00e9e \u00abIl \u00e9tait une fois le cin\u00e9ma \u00e0 Casablanca\u00bb, l\u2019exposition de photographies sur les cin\u00e9mas abandonn\u00e9s de Casablanca, organis\u00e9e par Art First Galerie au sein du restaurant NKOA, se poursuit jusqu\u2019au 15 janvier. Immortaliser ces lieux avant qu\u2019il ne soit trop tard, c\u2019est le pari que se sont donn\u00e9, en effet, de jeunes photographes apprentis du Centre culturel \u00abLes \u00e9toiles de Sidi Moumen\u00bb. Issam Chorrib, Abdelmajid Siaf, Saadeddine Chadli et Zakaria Rzika guid\u00e9s dans la th\u00e9matique, la logistique et la promotion par Selma Naguib, cofondatrice de la galerie et curatrice, ont pu exposer, pour la premi\u00e8re fois, autour d\u2019une th\u00e9matique tr\u00e8s symbolique. La disparition des cin\u00e9mas \u00e0 Casablanca n\u2019est plus un secret pour personne. Certains ont laiss\u00e9 place \u00e0 des souks \u00e9ph\u00e9m\u00e8res, d\u2019autres se sont transform\u00e9s en d\u00e9potoirs. \u00abVerdun\u00bb, \u00abLibert\u00e9\u00bb, \u00abMauritania\u00bb, \u00abAtlas\u00bb, \u00abAl Malaki\u00bb ; ces cin\u00e9mas ont bel et bien disparu.<\/p>\n<p>Hamza Zidane et ses \u00e9tudiants ont voulu ainsi traduire par des photos en noir et blanc un pass\u00e9 nostalgique qui demeurera dans l\u2019ADN de la m\u00e9tropole \u00e9conomique. Faisant partie du patrimoine architectural de la ville, ses clich\u00e9s rappellent \u00f4 combien la ville s\u2019est m\u00e9tamorphos\u00e9e au gr\u00e9 de la modernit\u00e9 tournant le dos \u00e0 tout ce qui pourrait rem\u00e9morer les souvenirs d\u2019enfance des Casablancais. Un seul rescap\u00e9, le cin\u00e9ma Rif qui a pu \u00eatre r\u00e9nov\u00e9, il y a quelques ann\u00e9es. L\u2019exposition a \u00e9t\u00e9 soutenue par le centre culturel \u00abLes \u00e9toiles de Sidi Moumen\u00bb et Save Cinemas Morocco. Le cin\u00e9aste Hicham Lasri aura \u00e9galement apport\u00e9 son soutien aux jeunes photographes.<\/p>\n<div class=\"mom_images_grid mom_images_3_cols\">\n<ul class=\"galleryslider\">\n<li class=\"first\"><a href=\"https:\/\/aujourdhui.ma\/wp-content\/uploads\/2022\/01\/HAMZA-ZIDANE-ABC.jpg\" data-title=\"\" title=\"HAMZA ZIDANE - ABC\"><img decoding=\"async\" alt=\"HAMZA ZIDANE - ABC\" src=\"https:\/\/linitiative.ca\/International\/wp-content\/uploads\/sites\/23\/2022\/01\/HAMZA-ZIDANE-ABC-746x380-1.jpg\"><\/a><\/li>\n<li class=\"\"><a href=\"https:\/\/aujourdhui.ma\/wp-content\/uploads\/2022\/01\/HAMZA-ZIDANE.jpg\" data-title=\"\" title=\"HAMZA ZIDANE\"><img decoding=\"async\" alt=\"HAMZA ZIDANE\" src=\"https:\/\/linitiative.ca\/International\/wp-content\/uploads\/sites\/23\/2022\/01\/HAMZA-ZIDANE-746x380-1.jpg\"><\/a><\/li>\n<li class=\"last\"><a href=\"https:\/\/aujourdhui.ma\/wp-content\/uploads\/2022\/01\/ISSAM-CHORRIB-MAURITANIA.jpg\" data-title=\"\" title=\"ISSAM CHORRIB MAURITANIA\"><img decoding=\"async\" alt=\"ISSAM CHORRIB MAURITANIA\" src=\"https:\/\/linitiative.ca\/International\/wp-content\/uploads\/sites\/23\/2022\/01\/ISSAM-CHORRIB-MAURITANIA-746x380-1.jpg\"><\/a><\/li>\n<li class=\"first\"><a href=\"https:\/\/aujourdhui.ma\/wp-content\/uploads\/2022\/01\/Affiche-A2-1-scaled.jpg\" data-title=\"\" title=\"Affiche A2 (1)\"><img decoding=\"async\" alt=\"Affiche A2 (1)\" src=\"https:\/\/linitiative.ca\/International\/wp-content\/uploads\/sites\/23\/2022\/01\/Affiche-A2-1-746x380-1.jpg\"><\/a><\/li>\n<\/ul>\n<\/div>\n<p>Un extrait de son \u00e9crit d\u00e9di\u00e9 \u00e0 l\u2019\u00e9v\u00e9nement rappelle son amertume par rapport \u00e0 cette disparition architecturale au-del\u00e0 de la cam\u00e9ra et de la nostalgie : \u00abQuand on pense \u00e0 toutes les salles de cin\u00e9ma de quartier, on pense aux espaces, mais on oublie que les salles de cin\u00e9ma font partie de notre quotidien. Ce sont des lieux o\u00f9 l\u2019on pouvait louer une place pour assister \u00e0 un film, un thon aux h\u2019rour et un double programme comme c\u2019\u00e9tait la tendance dans les ann\u00e9es 80. (..) Je me souviens de ce cin\u00e9ma \u00e0 Ain Sebaa, le \u00abBeaulieu \u00abavec un toit amovible qui se refermait comme un vaisseau spatial avant le d\u00e9but des projections des films de Chuck Norris ou des com\u00e9dies \u00e9rotiques italiennes\u00bb. Bref, les jeunes photographes se sont appliqu\u00e9s, inspir\u00e9s par le pass\u00e9 et guid\u00e9s par des personnes bien impr\u00e9gn\u00e9es finalement\u2026<\/p>\n<p>Hamza Zidane est photographe, formateur totalement autodidacte. Et c\u2019est sur le Net et \u00e0 la pratique qu\u2019il aura appris la photographie. Compl\u00e9tant son apprentissage par sa pr\u00e9sence \u00e0 des workshops et d\u2019une formation master class renforc\u00e9e par des lectures d\u2019ouvrages sur la photographie, Hamza a remport\u00e9 divers prix et a particip\u00e9 \u00e0 plusieurs expositions au Maroc et \u00e0 l\u2019\u00e9tranger. Abdelmajid Siaf, photographe, graphiste, designer, vit cette passion pleinement et se soucie d\u2019immortaliser le petit d\u00e9tail dans la rue ou ailleurs\u2026 Quant \u00e0 Saadeddine Chadli, il est \u00e9tudiant et son penchant artistique pour la photographie s\u2019est d\u00e9velopp\u00e9 \u00e0 un moment difficile de sa vie. Une fa\u00e7on d\u2019externaliser son ressenti mais aussi une d\u00e9couverte de soi pour r\u00e9v\u00e9ler un talent cach\u00e9. Pour ce jeune, c\u2019est un ensemble et le sujet du cin\u00e9ma \u00e0 Casablanca l\u2019a tout de suite inspir\u00e9 dans ses prises de vue.<\/p>\n<p>Pour Zakaria Rzika, son premier contact avec la photographie remonte \u00e0 2013. Etudiant et photographe, son int\u00e9r\u00eat s\u2019est, au fil des temps, focalis\u00e9 sur la photographie de portrait. Les cours de photographie du centre culturel \u00abLes \u00c9toiles de Sidi Moumen\u00bb lui ont fait d\u00e9couvrir d\u2019autres facettes de cette discipline. Issam Chorrib a commenc\u00e9 la photographie en 2018 sur le t\u00e9l\u00e9phone de sa m\u00e8re et de ses amis. Exprimer sa vision du monde \u00e0 travers ses photos repr\u00e9sente son leitmotiv. D\u2019ailleurs, une de ses photos a d\u00e9j\u00e0 \u00e9t\u00e9 expos\u00e9e au Centre international de photographie \u00e0 New York. Le jeune artiste a \u00e9galement expos\u00e9 \u00e0 la Facult\u00e9 pluridisciplinaire de Larache.<\/p>\n<p><strong>L\u2019exposition des photos continue\u2026<\/strong><\/p>\n<\/div>\n<p>Auteur: Dounia Essabban<br \/>\n<a href=\"https:\/\/aujourdhui.ma\/culture\/des-photographies-de-jeunes-de-sidi-moumen-pour-immortaliser-les-cinemas-casablancais\">Cliquez ici pour lire l&rsquo;article depuis sa source.<\/a><\/p>\n","protected":false},"excerpt":{"rendered":"<p>Flash-back architectural sous l\u2019effet du zoom Baptis\u00e9e \u00abIl \u00e9tait une fois le cin\u00e9ma \u00e0 Casablanca\u00bb, l\u2019exposition de photographies sur les cin\u00e9mas abandonn\u00e9s de Casablanca, organis\u00e9e par Art First Galerie au sein du restaurant NKOA, se poursuit jusqu\u2019au 15 janvier. Immortaliser ces lieux avant qu\u2019il ne soit trop tard, c\u2019est le pari que se sont donn\u00e9, [&hellip;]<\/p>\n","protected":false},"author":1759,"featured_media":0,"comment_status":"closed","ping_status":"closed","sticky":false,"template":"","format":"standard","meta":{"fifu_image_url":"https:\/\/aujourdhui.ma\/wp-content\/uploads\/2022\/01\/Des-photographies-de-jeunes-de-Sidi-Moumen-pour-immortaliser-les-cinemas-casablancais\u2026-300x153.jpg","fifu_image_alt":"Des photographies de jeunes de Sidi Moumen pour immortaliser les cin\u00e9mas casablancais\u2026","footnotes":""},"categories":[73,54],"tags":[],"class_list":["post-137813","post","type-post","status-publish","format-standard","hentry","category-actualite","category-maroc"],"_links":{"self":[{"href":"https:\/\/linitiative.ca\/International\/wp-json\/wp\/v2\/posts\/137813","targetHints":{"allow":["GET"]}}],"collection":[{"href":"https:\/\/linitiative.ca\/International\/wp-json\/wp\/v2\/posts"}],"about":[{"href":"https:\/\/linitiative.ca\/International\/wp-json\/wp\/v2\/types\/post"}],"author":[{"embeddable":true,"href":"https:\/\/linitiative.ca\/International\/wp-json\/wp\/v2\/users\/1759"}],"replies":[{"embeddable":true,"href":"https:\/\/linitiative.ca\/International\/wp-json\/wp\/v2\/comments?post=137813"}],"version-history":[{"count":0,"href":"https:\/\/linitiative.ca\/International\/wp-json\/wp\/v2\/posts\/137813\/revisions"}],"wp:attachment":[{"href":"https:\/\/linitiative.ca\/International\/wp-json\/wp\/v2\/media?parent=137813"}],"wp:term":[{"taxonomy":"category","embeddable":true,"href":"https:\/\/linitiative.ca\/International\/wp-json\/wp\/v2\/categories?post=137813"},{"taxonomy":"post_tag","embeddable":true,"href":"https:\/\/linitiative.ca\/International\/wp-json\/wp\/v2\/tags?post=137813"}],"curies":[{"name":"wp","href":"https:\/\/api.w.org\/{rel}","templated":true}]}}