{"id":137819,"date":"2022-01-05T13:00:00","date_gmt":"2022-01-05T18:00:00","guid":{"rendered":"https:\/\/linitiative.ca\/International\/le-pps-considere-que-la-pandemie-a-montre-les-limites-la-solidarite-internationales\/"},"modified":"2022-01-05T13:00:00","modified_gmt":"2022-01-05T18:00:00","slug":"le-pps-considere-que-la-pandemie-a-montre-les-limites-la-solidarite-internationales","status":"publish","type":"post","link":"https:\/\/linitiative.ca\/International\/le-pps-considere-que-la-pandemie-a-montre-les-limites-la-solidarite-internationales\/","title":{"rendered":"Le PPS consid\u00e8re que la pand\u00e9mie a montr\u00e9 les limites la solidarit\u00e9 internationales"},"content":{"rendered":"<div>\n<p class=\"has-text-align-center has-vivid-cyan-blue-color has-text-color\"><strong>Communiqu\u00e9 du bureau politique<\/strong><\/p>\n<p class=\"has-black-color has-text-color\"><strong>Le bureau politique du Parti du Progr\u00e8s et du Socialisme a renouvel\u00e9, au cours de sa r\u00e9union p\u00e9riodique du mardi 4 janvier 2022, ses v\u0153ux \u00e0 Sa Majest\u00e9 le Roi, \u00e0 l\u2019ensemble des membres de la famille royale et au peuple marocain tout entier, \u00e0 l\u2019occasion de l\u2019av\u00e8nement de la nouvelle ann\u00e9e gr\u00e9gorienne, aspirant \u00e0 ce qu\u2019elle soit une ann\u00e9e d\u2019action, de prosp\u00e9rit\u00e9, de progr\u00e8s et de fin de la pand\u00e9mie.<\/strong><\/p>\n<p class=\"has-black-color has-text-color\">Tout en passant en revue les contours \u00a0de la situation nationale et internationale en ce d\u00e9but de la nouvelle ann\u00e9e, le bureau politique du Parti du Progr\u00e8s et du Socialisme r\u00e9affirme les positions suivantes\u00a0:<\/p>\n<p class=\"has-black-color has-text-color\">+ Consid\u00e8re que la pand\u00e9mie a montr\u00e9 les limites de la coop\u00e9ration et de la solidarit\u00e9 internationales et l\u2019\u00e9chec de \u00ab\u00a0l\u2019ordre mondial\u00a0\u00bb \u00e0 parvenir \u00e0 une approche commune efficace. Elle a confirm\u00e9 aussi la responsabilit\u00e9 du syst\u00e8me capitaliste dans l\u2019exacerbation de la crise de la situation sociale. Partant de l\u00e0, le bureau politique exprime sa volont\u00e9 d\u2019\u0153uvrer pour un monde nouveau fond\u00e9 sur une gouvernance mondiale nouvelle et sur les principes de la justice, de l\u2019\u00e9galit\u00e9 et de l\u2019\u00e9quilibre, \u00e0 m\u00eame de garantir la stabilit\u00e9 et le d\u00e9veloppement de tous les peuples.<\/p>\n<p class=\"has-black-color has-text-color\">\u00a0\u00a0 + R\u00e9it\u00e8re sa solidarit\u00e9 avec le peuple palestinien dans sa lutte pour le recouvrement de tous ses droits l\u00e9gitimes et exprime son aspiration \u00e0 ce que les nouvelles relations marocaines soient mises \u00e0 profit pour la r\u00e9alisation de cet objectif. Il souligne \u00e9galement sa solidarit\u00e9 avec tous les peuples en lutte pour la d\u00e9mocratie, la stabilit\u00e9 et le progr\u00e8s dont en particulier le peuple soudanais.<\/p>\n<p class=\"has-black-color has-text-color\">+ Exprime sa fiert\u00e9 \u00e0 l\u2019\u00e9gard de la place positive de notre pays au niveau international et son soutien \u00e0 la d\u00e9fense avec fermet\u00e9 de sa souverainet\u00e9 et de son ind\u00e9pendance de d\u00e9cision.<\/p>\n<p class=\"has-black-color has-text-color\">+ Fait part de sa satisfaction \u00e0 l\u2019\u00e9gard des acquis accumul\u00e9s par notre pays sur la voie du r\u00e8glement d\u00e9finitif du conflit artificiel autour du Sahara marocain et souligne la n\u00e9cessit\u00e9 de consolider notre front int\u00e9rieur et d\u2019aller de l\u2019avant dans la r\u00e9alisation des grandes r\u00e9formes. Il fustige dans le m\u00eame temps l\u2019acharnement et les man\u0153uvres des dirigeants de l\u2019Alg\u00e9rie contre notre pays tout en soulignant que ceci est diam\u00e9tralement oppos\u00e9 aux int\u00e9r\u00eats des pays et des peuples du Grand Maghreb.<\/p>\n<p class=\"has-black-color has-text-color\">+ Salue le succ\u00e8s r\u00e9alis\u00e9 par notre pays dans sa lutte contre la pand\u00e9mie au niveau pr\u00e9ventif, sanitaire, vaccinal et sur le plan de la solidarit\u00e9 sociale. Il enregistre toutefois que malgr\u00e9 ces succ\u00e8s, notre pays connait des difficult\u00e9s \u00e9conomiques et sociales s\u00e9rieuses comme l\u2019illustre le nombre de cat\u00e9gories sociales et de secteurs sinistr\u00e9s.<\/p>\n<p class=\"has-black-color has-text-color\">+ Aspire \u00e0 ce propos \u00e0 la mise en \u0153uvre effective d\u2019un plan massif pour la relance de l\u2019\u00e9conomie, dans lequel l\u2019Etat joue un r\u00f4le strat\u00e9gique \u00e0 cot\u00e9 d\u2019un secteur priv\u00e9 efficace et responsable. Ce plan doit viser l\u2019augmentation de la productivit\u00e9 et la cr\u00e9ation de postes d\u2019emploi et assurer le soutien de la petite et moyenne entreprise et les moyens de sa sauvegarde. Il doit viser, \u00e9galement, l\u2019ouverture sur des secteurs \u00e9mergents comme l\u2019industrie, le num\u00e9rique, l\u2019\u00e9conomie solidaire, l\u2019\u00e9conomie verte et la transition \u00e9nerg\u00e9tique. Il doit enfin, parall\u00e8lement, s\u2019attaquer \u00a0\u00e0 la lutte contre toutes les formes de \u00a0pr\u00e9varication et de rente et au lancement d\u2019une r\u00e9forme fiscale qui r\u00e9alise l\u2019\u00e9quit\u00e9, la justice, l\u2019\u00e9galit\u00e9 et l\u2019efficacit\u00e9.<\/p>\n<p class=\"has-black-color has-text-color\">+ Souligne la n\u00e9cessit\u00e9 de placer l\u2019homme au c\u0153ur de l\u2019\u0153uvre de d\u00e9veloppement \u00e0 travers la prise de mesures fortes pour l\u2019\u00e9limination de la pr\u00e9carit\u00e9 et de la pauvret\u00e9, la promotion de la justice sociale et spatiale et la r\u00e9partition \u00e9quitable des richesses du pays, au moyen d\u2019un investissement public fort et durable dans les secteurs de l\u2019enseignement, l\u2019\u00e9cole publique et la recherche scientifique, dans la sant\u00e9 et l\u2019h\u00f4pital public ainsi que dans la promotion de la cr\u00e9ation et de la culture, dont les divers genres et acteurs subissent une \u00e9preuve v\u00e9ritable du fait de la pand\u00e9mie.<\/p>\n<p class=\"has-black-color has-text-color\">+ R\u00e9affirme son soutien au chantier de la g\u00e9n\u00e9ralisation de la couverture sociale, qui constitue une des orientations fondamentales dans les luttes du parti et appelle le gouvernement \u00e0 assurer toutes les conditions de sa r\u00e9ussite y compris sa bonne gouvernance, la garantie de sa globalit\u00e9 et l\u2019innovation au niveau des moyens et de ses sources de financement.<\/p>\n<p class=\"has-black-color has-text-color\">+ Renouvelle son appel pour le lancement d\u2019une nouvelle campagne de solidarit\u00e9 avec la participation notamment des couches ais\u00e9es dans le but d\u2019aider notre pays dans le financement d\u2019une partie de l\u2019effort de lutte contre les r\u00e9percussions de la pand\u00e9mie.<\/p>\n<p class=\"has-black-color has-text-color\">+ R\u00e9it\u00e8re son aspiration \u00e0 la mise en \u0153uvre optimale de la Constitution, au renforcement de l\u2019espace politique et \u00e0 la r\u00e9habilitation de l\u2019action partisane dans le but de r\u00e9tablir la confiance et la cr\u00e9dibilit\u00e9. Ceci requiert un souffle nouveau en mati\u00e8re de droits humains, d\u2019\u00e9largissement de l\u2019espace des libert\u00e9s individuelles et collectives, de r\u00e9alisation d\u2019une r\u00e9forme globale et audacieuse du code p\u00e9nal et du renforcement de l\u2019\u00e9galit\u00e9 et de la cons\u00e9cration du r\u00f4le des m\u00e9dias publics \u00e0 travers leur ouverture aux acteurs sociaux.<\/p>\n<p class=\"has-black-color has-text-color\">+ Condamne toutes les formes de harc\u00e8lement, de violence, de chantage et de discrimination dont les femmes sont victimes dans des espaces divers en particulier dans l\u2019espace universitaire, ce qui requiert leur protection de mani\u00e8re active et efficace.<\/p>\n<p class=\"has-black-color has-text-color\"><em>+ Consid\u00e8re, sur la base de ces orientations, que le gouvernement actuel, qui dispose de tous les moyens pour s\u2019acquitter de ses responsabilit\u00e9s, est appel\u00e9 aujourd\u2019hui \u00e0 entamer effectivement la r\u00e9alisation de ces r\u00e9formes et \u00e0 interagir positivement avec les attentes des citoyennes et des citoyens<\/em>.<\/p>\n<p class=\"has-black-color has-text-color\">+ Souligne que le Parti du Progr\u00e8s et du Socialisme a fait le choix de se positionner au sein de l\u2019opposition nationale, d\u00e9mocratique, responsable et constructive. Il apportera son soutien aux d\u00e9cisions gouvernementales qu\u2019il jugera positives et s\u2019opposera, a contrario, de mani\u00e8re critique, ferme et forte, par des propositions alternatives \u00e0 toutes les d\u00e9cisions qu\u2019il jugera n\u00e9gatives. C\u2019est dans ce cadre que le Parti a refus\u00e9 la d\u00e9claration gouvernementale et la Loi de Finances 2022, qu\u2019il a jug\u00e9e d\u00e9cevante par rapport aux attentes des citoyens et des entreprises et d\u00e9pourvue des moyens financiers n\u00e9cessaires pour la r\u00e9alisation des r\u00e9formes annonc\u00e9es.<\/p>\n<p class=\"has-black-color has-text-color\">+ S\u2019agissant de l\u2019action du parti, le bureau politique souligne qu\u2019il va s\u2019atteler \u00e0 \u0153uvrer pour le succ\u00e8s de l\u2019\u00e9tape du onzi\u00e8me congr\u00e8s national au cours de cette ann\u00e9e avec son cap strat\u00e9gique visant la pr\u00e9servation de son identit\u00e9, de ses principes et de ses orientations, la r\u00e9novation de ses approches et de ses m\u00e9thodes de travail, l\u2019\u00e9largissement de ses rangs et le renforcement de sa place dans le paysage national. Dans ce cadre, il annonce le lancement imminent d\u2019un d\u00e9bat interne avec la participation de l\u2019ensemble des camarades dans le but de pr\u00e9parer le climat ad\u00e9quat pour que le congr\u00e8s se d\u00e9roule dans les meilleures conditions.<\/p>\n<p>L\u2019article <a rel=\"nofollow\" href=\"http:\/\/albayane.press.ma\/le-pps-considere-que-la-pandemie-a-montre-les-limites-la-solidarite-internationales.html\">Le PPS consid\u00e8re que la pand\u00e9mie a montr\u00e9 les limites la solidarit\u00e9 internationales<\/a> est apparu en premier sur <a rel=\"nofollow\" href=\"http:\/\/albayane.press.ma\/\">ALBAYANE<\/a>.<\/p>\n<\/div>\n<p>Auteur: M&rsquo;hammed rahal<br \/>\n<a href=\"http:\/\/albayane.press.ma\/le-pps-considere-que-la-pandemie-a-montre-les-limites-la-solidarite-internationales.html\">Cliquez ici pour lire l&rsquo;article depuis sa source.<\/a><\/p>\n","protected":false},"excerpt":{"rendered":"<p>Communiqu\u00e9 du bureau politique Le bureau politique du Parti du Progr\u00e8s et du Socialisme a renouvel\u00e9, au cours de sa r\u00e9union p\u00e9riodique du mardi 4 janvier 2022, ses v\u0153ux \u00e0 Sa Majest\u00e9 le Roi, \u00e0 l\u2019ensemble des membres de la famille royale et au peuple marocain tout entier, \u00e0 l\u2019occasion de l\u2019av\u00e8nement de la nouvelle [&hellip;]<\/p>\n","protected":false},"author":1760,"featured_media":0,"comment_status":"closed","ping_status":"closed","sticky":false,"template":"","format":"standard","meta":{"fifu_image_url":"","fifu_image_alt":"","footnotes":""},"categories":[73,54],"tags":[],"class_list":["post-137819","post","type-post","status-publish","format-standard","hentry","category-actualite","category-maroc"],"_links":{"self":[{"href":"https:\/\/linitiative.ca\/International\/wp-json\/wp\/v2\/posts\/137819","targetHints":{"allow":["GET"]}}],"collection":[{"href":"https:\/\/linitiative.ca\/International\/wp-json\/wp\/v2\/posts"}],"about":[{"href":"https:\/\/linitiative.ca\/International\/wp-json\/wp\/v2\/types\/post"}],"author":[{"embeddable":true,"href":"https:\/\/linitiative.ca\/International\/wp-json\/wp\/v2\/users\/1760"}],"replies":[{"embeddable":true,"href":"https:\/\/linitiative.ca\/International\/wp-json\/wp\/v2\/comments?post=137819"}],"version-history":[{"count":0,"href":"https:\/\/linitiative.ca\/International\/wp-json\/wp\/v2\/posts\/137819\/revisions"}],"wp:attachment":[{"href":"https:\/\/linitiative.ca\/International\/wp-json\/wp\/v2\/media?parent=137819"}],"wp:term":[{"taxonomy":"category","embeddable":true,"href":"https:\/\/linitiative.ca\/International\/wp-json\/wp\/v2\/categories?post=137819"},{"taxonomy":"post_tag","embeddable":true,"href":"https:\/\/linitiative.ca\/International\/wp-json\/wp\/v2\/tags?post=137819"}],"curies":[{"name":"wp","href":"https:\/\/api.w.org\/{rel}","templated":true}]}}