{"id":137820,"date":"2022-01-05T13:00:00","date_gmt":"2022-01-05T18:00:00","guid":{"rendered":"https:\/\/linitiative.ca\/International\/la-societe-des-valeurs\/"},"modified":"2022-01-05T13:00:00","modified_gmt":"2022-01-05T18:00:00","slug":"la-societe-des-valeurs","status":"publish","type":"post","link":"https:\/\/linitiative.ca\/International\/la-societe-des-valeurs\/","title":{"rendered":"La soci\u00e9t\u00e9 des valeurs"},"content":{"rendered":"<div>\n<p class=\"has-black-color has-text-color\"><strong>A bien des \u00e9gards, notre pays s\u2019affronte \u00e0 un grand d\u00e9ficit, en mati\u00e8re de valeurs, depuis un bon bout de temps. Les pratiques vertueuses qui faisaient autrefois, le fer de lance de toute une Nation en constante mutation, s\u2019\u00e9tiolent dans les d\u00e9dales de la d\u00e9fectuosit\u00e9 soci\u00e9tale. Assur\u00e9ment, c\u2019est un marasme aussi f\u00e2cheux que la panne \u00e9conomique et sociale dont peut souffrir la soci\u00e9t\u00e9 marocaine. Ces temps-ci, la probl\u00e9matique du statut de la femme d\u00e9fraie la chronique, au m\u00eame titre que l\u2019\u00e9galit\u00e9 des sexes dans le contexte actuel o\u00f9 on rel\u00e8ve les d\u00e9fis et toutes parts. La lutte sans merci que m\u00e8nent les forces vives contre les formes de violence et d\u2019assujettissement en direction de la femme, semble heurter des r\u00e9sistances de la n\u00e9buleuse r\u00e9trograde, \u00e0 plusieurs niveaux. Toutefois, on rel\u00e8vera non sans r\u00e9jouissance, la mont\u00e9e notoire de la prise de conscience, \u00e0 travers la d\u00e9nonciation de plus en plus nette, de ces agressions au sein des m\u00e9nages, jadis proies du tabou et de l\u2019\u00e9pouvante. Il faut dire \u00e0 cet \u00e9gard, que cette complicit\u00e9 performante entre les victimes violent\u00e9es et les acteurs de la soci\u00e9t\u00e9 civile, a fini par payer dans bien des cas. Il n\u2019en demeure pas moins peinant que le harc\u00e8lement sexuel regagne aussi l\u2019universit\u00e9 marocain, suscitant une large indignation non seulement au sein de l\u2019enceinte universitaire, mais \u00e9galement dans les divers milieux de la soci\u00e9t\u00e9. Depuis d\u00e9j\u00e0 des semaines, des r\u00e9cits r\u00e9voltants ont \u00e9clat\u00e9s par-ci, par-l\u00e0, mettant sur le banc des accus\u00e9s, une flop\u00e9e de profs de l\u2019enseignement sup\u00e9rieur. Le scandale fait l\u2019effet d\u2019une bombe dans l\u2019opinion publique nationale et fait propager le sentiment d\u2019\u00e9moi dans les familles marocaines. L\u2019affaire atterrit dans les couloirs de la justice qui en tirera le verdict, pour ce qu\u2019on aura d\u00e9sormais appel\u00e9 commun\u00e9ment \u00ab notes contre sexe \u00bb. Sans avoir nullement l\u2019intention de mettre tous les enseignants dans le m\u00eame sac, ni \u00e9clabousser l\u2019honneur de la noble profession, il importe d\u2019avancer que ces faits r\u00e9voltants traduisent la d\u00e9ficience sus cit\u00e9e qui prend des tournures plut\u00f4t alarmantes puisqu\u2019elle porte pr\u00e9judice \u00e0 l\u2019\u00e9thique et l\u2019\u00e9quit\u00e9 estudiantines sans pour autant, parler de la dignit\u00e9 soci\u00e9tale.<\/strong><\/p>\n<p class=\"has-black-color has-text-color\">En effet, l\u2019\u00e9tat d\u00e9prav\u00e9e de l\u2019un des socles \u00e9ducatifs de la soci\u00e9t\u00e9 les plus n\u00e9vralgiques, gangr\u00e8ne au grand jour, par le biais des manies nocives qui le rongent terriblement. Bien \u00e9videmment, il est condamnable de continuer \u00e0 tol\u00e9rer ces d\u00e9pravations \u00e0 l\u2019espace universitaire et bien ailleurs, mais il serait plus judicieux d\u2019y faire face avec tous les moyens loyaux et l\u00e9gitimes. Cette situation burlesque n\u00e9cessite, sans nul\u00a0 doute la r\u00e9vision du syst\u00e8me d\u2019\u00e9valuation de mani\u00e8re \u00e0 mettre au pied de mur les \u00ab\u00a0vices\u00a0\u00bb des petites gens peu consciencieux. En fait, le constat si bas dans lequel se trouverait tout le syst\u00e8me aussi bien scolaire que sup\u00e9rieur ne fait qu\u2019inciter \u00e0 cette \u00abbassesse\u00bb, \u00e0 la lumi\u00e8re de laquelle on a tendance \u00e0 se d\u00e9rober devant sa mission. Elle est bien r\u00e9volue l\u2019expression de l\u2019un de nos illustres po\u00e8tes quand il disait\u00a0:<\/p>\n<p class=\"has-black-color has-text-color\">\u00ab\u00a0Le ma\u00eetre a failli \u00eatre proph\u00e8te\u00a0!\u00a0\u00bb \u00a0<\/p>\n<p>L\u2019article <a rel=\"nofollow\" href=\"http:\/\/albayane.press.ma\/la-societe-des-valeurs.html\">La soci\u00e9t\u00e9 des valeurs<\/a> est apparu en premier sur <a rel=\"nofollow\" href=\"http:\/\/albayane.press.ma\/\">ALBAYANE<\/a>.<\/p>\n<\/div>\n<p>Auteur: M&rsquo;hammed rahal<br \/>\n<a href=\"http:\/\/albayane.press.ma\/la-societe-des-valeurs.html\">Cliquez ici pour lire l&rsquo;article depuis sa source.<\/a><\/p>\n","protected":false},"excerpt":{"rendered":"<p>A bien des \u00e9gards, notre pays s\u2019affronte \u00e0 un grand d\u00e9ficit, en mati\u00e8re de valeurs, depuis un bon bout de temps. Les pratiques vertueuses qui faisaient autrefois, le fer de lance de toute une Nation en constante mutation, s\u2019\u00e9tiolent dans les d\u00e9dales de la d\u00e9fectuosit\u00e9 soci\u00e9tale. Assur\u00e9ment, c\u2019est un marasme aussi f\u00e2cheux que la panne [&hellip;]<\/p>\n","protected":false},"author":1760,"featured_media":0,"comment_status":"closed","ping_status":"closed","sticky":false,"template":"","format":"standard","meta":{"fifu_image_url":"","fifu_image_alt":"","footnotes":""},"categories":[73,54],"tags":[],"class_list":["post-137820","post","type-post","status-publish","format-standard","hentry","category-actualite","category-maroc"],"_links":{"self":[{"href":"https:\/\/linitiative.ca\/International\/wp-json\/wp\/v2\/posts\/137820","targetHints":{"allow":["GET"]}}],"collection":[{"href":"https:\/\/linitiative.ca\/International\/wp-json\/wp\/v2\/posts"}],"about":[{"href":"https:\/\/linitiative.ca\/International\/wp-json\/wp\/v2\/types\/post"}],"author":[{"embeddable":true,"href":"https:\/\/linitiative.ca\/International\/wp-json\/wp\/v2\/users\/1760"}],"replies":[{"embeddable":true,"href":"https:\/\/linitiative.ca\/International\/wp-json\/wp\/v2\/comments?post=137820"}],"version-history":[{"count":0,"href":"https:\/\/linitiative.ca\/International\/wp-json\/wp\/v2\/posts\/137820\/revisions"}],"wp:attachment":[{"href":"https:\/\/linitiative.ca\/International\/wp-json\/wp\/v2\/media?parent=137820"}],"wp:term":[{"taxonomy":"category","embeddable":true,"href":"https:\/\/linitiative.ca\/International\/wp-json\/wp\/v2\/categories?post=137820"},{"taxonomy":"post_tag","embeddable":true,"href":"https:\/\/linitiative.ca\/International\/wp-json\/wp\/v2\/tags?post=137820"}],"curies":[{"name":"wp","href":"https:\/\/api.w.org\/{rel}","templated":true}]}}