{"id":137824,"date":"2022-01-06T08:00:00","date_gmt":"2022-01-06T13:00:00","guid":{"rendered":"https:\/\/linitiative.ca\/International\/benabderrahmane-aucune-mesure-exceptionnelle-ne-sera-desormais-accordee\/"},"modified":"2022-01-06T08:00:00","modified_gmt":"2022-01-06T13:00:00","slug":"benabderrahmane-aucune-mesure-exceptionnelle-ne-sera-desormais-accordee","status":"publish","type":"post","link":"https:\/\/linitiative.ca\/International\/benabderrahmane-aucune-mesure-exceptionnelle-ne-sera-desormais-accordee\/","title":{"rendered":"Benabderrahmane: \u00ab\u00a0aucune mesure exceptionnelle ne sera d\u00e9sormais accord\u00e9e\u00a0\u00bb"},"content":{"rendered":"<div>Le Premier ministre, ministre des Finances, A\u00efmene Benabderrahmane a indiqu\u00e9, jeudi, que les minist\u00e8res ne seront plus autoris\u00e9s \u00e0 prolonger les d\u00e9lais d&rsquo;ex\u00e9cution du budget au titre d&rsquo;une ann\u00e9e financi\u00e8re consid\u00e9r\u00e9e \u00e0 l&rsquo;ann\u00e9e suivante (&#8230;)<\/div>\n<p>Auteur:<br \/>\n<a href=\"https:\/\/www.liberte-algerie.com\/actualite\/benabderrahmane-aucune-mesure-exceptionnelle-ne-sera-desormais-accordee-371157\">Cliquez ici pour lire l&rsquo;article depuis sa source.<\/a><\/p>\n","protected":false},"excerpt":{"rendered":"<p>Le Premier ministre, ministre des Finances, A\u00efmene Benabderrahmane a indiqu\u00e9, jeudi, que les minist\u00e8res ne seront plus autoris\u00e9s \u00e0 prolonger les d\u00e9lais d&rsquo;ex\u00e9cution du budget au titre d&rsquo;une ann\u00e9e financi\u00e8re consid\u00e9r\u00e9e \u00e0 l&rsquo;ann\u00e9e suivante (&#8230;) Auteur: Cliquez ici pour lire l&rsquo;article depuis sa source.<\/p>\n","protected":false},"author":1742,"featured_media":0,"comment_status":"closed","ping_status":"closed","sticky":false,"template":"","format":"standard","meta":{"fifu_image_url":"","fifu_image_alt":"","footnotes":""},"categories":[73,53],"tags":[],"class_list":["post-137824","post","type-post","status-publish","format-standard","hentry","category-actualite","category-algerie"],"_links":{"self":[{"href":"https:\/\/linitiative.ca\/International\/wp-json\/wp\/v2\/posts\/137824","targetHints":{"allow":["GET"]}}],"collection":[{"href":"https:\/\/linitiative.ca\/International\/wp-json\/wp\/v2\/posts"}],"about":[{"href":"https:\/\/linitiative.ca\/International\/wp-json\/wp\/v2\/types\/post"}],"author":[{"embeddable":true,"href":"https:\/\/linitiative.ca\/International\/wp-json\/wp\/v2\/users\/1742"}],"replies":[{"embeddable":true,"href":"https:\/\/linitiative.ca\/International\/wp-json\/wp\/v2\/comments?post=137824"}],"version-history":[{"count":0,"href":"https:\/\/linitiative.ca\/International\/wp-json\/wp\/v2\/posts\/137824\/revisions"}],"wp:attachment":[{"href":"https:\/\/linitiative.ca\/International\/wp-json\/wp\/v2\/media?parent=137824"}],"wp:term":[{"taxonomy":"category","embeddable":true,"href":"https:\/\/linitiative.ca\/International\/wp-json\/wp\/v2\/categories?post=137824"},{"taxonomy":"post_tag","embeddable":true,"href":"https:\/\/linitiative.ca\/International\/wp-json\/wp\/v2\/tags?post=137824"}],"curies":[{"name":"wp","href":"https:\/\/api.w.org\/{rel}","templated":true}]}}