{"id":137828,"date":"2022-01-06T12:09:00","date_gmt":"2022-01-06T17:09:00","guid":{"rendered":"https:\/\/linitiative.ca\/International\/le-decret-executif-instituant-le-pass-vaccinal-publie-dans-le-journal-officiel\/"},"modified":"2022-01-06T12:09:00","modified_gmt":"2022-01-06T17:09:00","slug":"le-decret-executif-instituant-le-pass-vaccinal-publie-dans-le-journal-officiel","status":"publish","type":"post","link":"https:\/\/linitiative.ca\/International\/le-decret-executif-instituant-le-pass-vaccinal-publie-dans-le-journal-officiel\/","title":{"rendered":"Le d\u00e9cret ex\u00e9cutif instituant le pass vaccinal publi\u00e9 dans le Journal officiel"},"content":{"rendered":"<div>il est pr\u00e9cis\u00e9 que ce document est exig\u00e9 aux fronti\u00e8res pour l&rsquo;entr\u00e9e et la sortie du territoire national, mais aussi pour l&rsquo;acc\u00e8s \u00e0 certains endroits et \u00e9difices.<\/div>\n<p>Auteur:<br \/>\n<a href=\"https:\/\/www.liberte-algerie.com\/actualite\/le-decret-executif-instituant-le-pass-vaccinal-publie-dans-le-journal-officiel-371162\">Cliquez ici pour lire l&rsquo;article depuis sa source.<\/a><\/p>\n","protected":false},"excerpt":{"rendered":"<p>il est pr\u00e9cis\u00e9 que ce document est exig\u00e9 aux fronti\u00e8res pour l&rsquo;entr\u00e9e et la sortie du territoire national, mais aussi pour l&rsquo;acc\u00e8s \u00e0 certains endroits et \u00e9difices. Auteur: Cliquez ici pour lire l&rsquo;article depuis sa source.<\/p>\n","protected":false},"author":1742,"featured_media":0,"comment_status":"closed","ping_status":"closed","sticky":false,"template":"","format":"standard","meta":{"fifu_image_url":"","fifu_image_alt":"","footnotes":""},"categories":[73,53],"tags":[],"class_list":["post-137828","post","type-post","status-publish","format-standard","hentry","category-actualite","category-algerie"],"_links":{"self":[{"href":"https:\/\/linitiative.ca\/International\/wp-json\/wp\/v2\/posts\/137828","targetHints":{"allow":["GET"]}}],"collection":[{"href":"https:\/\/linitiative.ca\/International\/wp-json\/wp\/v2\/posts"}],"about":[{"href":"https:\/\/linitiative.ca\/International\/wp-json\/wp\/v2\/types\/post"}],"author":[{"embeddable":true,"href":"https:\/\/linitiative.ca\/International\/wp-json\/wp\/v2\/users\/1742"}],"replies":[{"embeddable":true,"href":"https:\/\/linitiative.ca\/International\/wp-json\/wp\/v2\/comments?post=137828"}],"version-history":[{"count":0,"href":"https:\/\/linitiative.ca\/International\/wp-json\/wp\/v2\/posts\/137828\/revisions"}],"wp:attachment":[{"href":"https:\/\/linitiative.ca\/International\/wp-json\/wp\/v2\/media?parent=137828"}],"wp:term":[{"taxonomy":"category","embeddable":true,"href":"https:\/\/linitiative.ca\/International\/wp-json\/wp\/v2\/categories?post=137828"},{"taxonomy":"post_tag","embeddable":true,"href":"https:\/\/linitiative.ca\/International\/wp-json\/wp\/v2\/tags?post=137828"}],"curies":[{"name":"wp","href":"https:\/\/api.w.org\/{rel}","templated":true}]}}