{"id":137833,"date":"2022-01-06T12:05:42","date_gmt":"2022-01-06T17:05:42","guid":{"rendered":"https:\/\/linitiative.ca\/International\/marrakech-safi-prix-de-vente-des-cereales-et-legumineuses\/"},"modified":"2022-01-06T12:05:42","modified_gmt":"2022-01-06T17:05:42","slug":"marrakech-safi-prix-de-vente-des-cereales-et-legumineuses","status":"publish","type":"post","link":"https:\/\/linitiative.ca\/International\/marrakech-safi-prix-de-vente-des-cereales-et-legumineuses\/","title":{"rendered":"Marrakech- Safi: Prix de vente des c\u00e9r\u00e9ales et l\u00e9gumineuses"},"content":{"rendered":"<div>\n<div style=\"margin-bottom:20px;\"><img loading=\"lazy\" decoding=\"async\" width=\"750\" height=\"430\" src=\"https:\/\/linitiative.ca\/International\/wp-content\/uploads\/sites\/23\/2022\/01\/cC3A9rC3A9ales-2-copier.jpg\" class=\"attachment-post-thumbnail size-post-thumbnail wp-post-image\" alt=\"\" srcset=\"https:\/\/linitiative.ca\/International\/wp-content\/uploads\/sites\/23\/2022\/01\/cC3A9rC3A9ales-2-copier.jpg 750w, https:\/\/www.mapmarrakech.ma\/map\/uploads\/2022\/01\/c\u00e9r\u00e9ales-2-copier-300x172.jpg 300w\" sizes=\"auto, (max-width: 750px) 100vw, 750px\"><\/div>\n<p>\u2013 Bl\u00e9 tendre: Entre 3,50 et 5,00 Dh\/Kg<\/p>\n<p>\u2013 Bl\u00e9 dur: Entre 6,00 et 9,00 Dh\/Kg<\/p>\n<p>\u2013 Orge: Entre 4,00- et 6,00 Dh\/Kg<\/p>\n<p>\u2013 Ma\u00efs: Entre 09,00 12,00 Dh\/Kg<\/p>\n<p>\u2013 Riz rond: 12 Dh\/Kg<\/p>\n<p>\u2013 Riz long: Entre 17,00 et 18,00 Dh\/Kg<\/p>\n<p>\u2013 Semoule: 12 Dh\/Kg<\/p>\n<p>\u2013 Couscous: Entre 12,00 et 14,00 Dh\/Kg<\/p>\n<p>\u2013 Vermicelle: 11,00 et 12,00 Dh\/Kg<\/p>\n<p>\u2013 Avoine: Entre 14,00 et 16.00 Dh\/Kg<\/p>\n<p>\u2013 F\u00e8ves: Entre 11 et 12,00 Dh\/Kg<\/p>\n<p>\u2013 Lentilles: Entre 14,00 et 15,00 Dh\/Kg<\/p>\n<p>\u2013 Pois chiche: Entre 17,00 et 18,00 Dh\/Kg<\/p>\n<p>\u2013 Haricots secs: Entre 17,00 et 18,00 Dh\/Kg<\/p>\n<p>The post <a rel=\"nofollow\" href=\"https:\/\/www.mapmarrakech.ma\/fr\/prix-de-vente-des-cereales-et-legumineuses-au-niveau-de-la-region-marrakech-safi\/\">Marrakech- Safi: Prix de vente des c\u00e9r\u00e9ales et l\u00e9gumineuses<\/a> appeared first on <a rel=\"nofollow\" href=\"https:\/\/www.mapmarrakech.ma\/fr\">MapMarrakech<\/a>.<\/p>\n<\/div>\n<p>Auteur: Meriem IGASS<br \/>\n<a href=\"https:\/\/www.mapmarrakech.ma\/fr\/prix-de-vente-des-cereales-et-legumineuses-au-niveau-de-la-region-marrakech-safi\/\">Cliquez ici pour lire l&rsquo;article depuis sa source.<\/a><\/p>\n","protected":false},"excerpt":{"rendered":"<p>\u2013 Bl\u00e9 tendre: Entre 3,50 et 5,00 Dh\/Kg \u2013 Bl\u00e9 dur: Entre 6,00 et 9,00 Dh\/Kg \u2013 Orge: Entre 4,00- et 6,00 Dh\/Kg \u2013 Ma\u00efs: Entre 09,00 12,00 Dh\/Kg \u2013 Riz rond: 12 Dh\/Kg \u2013 Riz long: Entre 17,00 et 18,00 Dh\/Kg \u2013 Semoule: 12 Dh\/Kg \u2013 Couscous: Entre 12,00 et 14,00 Dh\/Kg \u2013 Vermicelle: [&hellip;]<\/p>\n","protected":false},"author":1788,"featured_media":0,"comment_status":"closed","ping_status":"closed","sticky":false,"template":"","format":"standard","meta":{"fifu_image_url":"https:\/\/www.mapmarrakech.ma\/map\/uploads\/2022\/01\/c\u00e9r\u00e9ales-2-copier.jpg","fifu_image_alt":"Marrakech- Safi: Prix de vente des c\u00e9r\u00e9ales et l\u00e9gumineuses","footnotes":""},"categories":[54,76],"tags":[],"class_list":["post-137833","post","type-post","status-publish","format-standard","hentry","category-maroc","category-regions"],"_links":{"self":[{"href":"https:\/\/linitiative.ca\/International\/wp-json\/wp\/v2\/posts\/137833","targetHints":{"allow":["GET"]}}],"collection":[{"href":"https:\/\/linitiative.ca\/International\/wp-json\/wp\/v2\/posts"}],"about":[{"href":"https:\/\/linitiative.ca\/International\/wp-json\/wp\/v2\/types\/post"}],"author":[{"embeddable":true,"href":"https:\/\/linitiative.ca\/International\/wp-json\/wp\/v2\/users\/1788"}],"replies":[{"embeddable":true,"href":"https:\/\/linitiative.ca\/International\/wp-json\/wp\/v2\/comments?post=137833"}],"version-history":[{"count":0,"href":"https:\/\/linitiative.ca\/International\/wp-json\/wp\/v2\/posts\/137833\/revisions"}],"wp:attachment":[{"href":"https:\/\/linitiative.ca\/International\/wp-json\/wp\/v2\/media?parent=137833"}],"wp:term":[{"taxonomy":"category","embeddable":true,"href":"https:\/\/linitiative.ca\/International\/wp-json\/wp\/v2\/categories?post=137833"},{"taxonomy":"post_tag","embeddable":true,"href":"https:\/\/linitiative.ca\/International\/wp-json\/wp\/v2\/tags?post=137833"}],"curies":[{"name":"wp","href":"https:\/\/api.w.org\/{rel}","templated":true}]}}