{"id":137842,"date":"2022-01-06T09:48:12","date_gmt":"2022-01-06T14:48:12","guid":{"rendered":"https:\/\/linitiative.ca\/International\/gaz-naturel-le-conseil-de-la-concurrence-rend-un-avis-defavorable-au-projet-de-loi-n94-17\/"},"modified":"2022-01-06T09:48:12","modified_gmt":"2022-01-06T14:48:12","slug":"gaz-naturel-le-conseil-de-la-concurrence-rend-un-avis-defavorable-au-projet-de-loi-n94-17","status":"publish","type":"post","link":"https:\/\/linitiative.ca\/International\/gaz-naturel-le-conseil-de-la-concurrence-rend-un-avis-defavorable-au-projet-de-loi-n94-17\/","title":{"rendered":"Gaz naturel: Le Conseil de la concurrence rend un avis d\u00e9favorable au projet de loi n\u00b094.17"},"content":{"rendered":"<div>\n<div class=\"field field-name-body field-type-text-with-summary field-label-hidden\">\n<div class=\"field-items\">\n<div class=\"field-item even\" property=\"content:encoded\">\n<p class=\"rtejustify\">Le Conseil de la concurrence a \u00e9mis un avis d\u00e9favorable au sujet du projet de loi n\u00b0 94.17 relatif au secteur aval du gaz naturel au Maroc et portant modification de la loi n\u00b0 48.15 relative \u00e0 la r\u00e9gulation du secteur de l&rsquo;\u00e9lectricit\u00e9.<\/p>\n<\/div>\n<\/div>\n<\/div>\n<\/div>\n<p>Auteur: hgueye<br \/>\n<a href=\"https:\/\/www.leconomiste.com\/flash-infos\/gaz-naturel-le-conseil-de-la-concurrence-rend-un-avis-defavorable-au-projet-de-loi\">Cliquez ici pour lire l&rsquo;article depuis sa source.<\/a><\/p>\n","protected":false},"excerpt":{"rendered":"<p>Le Conseil de la concurrence a \u00e9mis un avis d\u00e9favorable au sujet du projet de loi n\u00b0 94.17 relatif au secteur aval du gaz naturel au Maroc et portant modification de la loi n\u00b0 48.15 relative \u00e0 la r\u00e9gulation du secteur de l&rsquo;\u00e9lectricit\u00e9. Auteur: hgueye Cliquez ici pour lire l&rsquo;article depuis sa source.<\/p>\n","protected":false},"author":1763,"featured_media":0,"comment_status":"closed","ping_status":"closed","sticky":false,"template":"","format":"standard","meta":{"fifu_image_url":"","fifu_image_alt":"","footnotes":""},"categories":[78,54],"tags":[],"class_list":["post-137842","post","type-post","status-publish","format-standard","hentry","category-economie","category-maroc"],"_links":{"self":[{"href":"https:\/\/linitiative.ca\/International\/wp-json\/wp\/v2\/posts\/137842","targetHints":{"allow":["GET"]}}],"collection":[{"href":"https:\/\/linitiative.ca\/International\/wp-json\/wp\/v2\/posts"}],"about":[{"href":"https:\/\/linitiative.ca\/International\/wp-json\/wp\/v2\/types\/post"}],"author":[{"embeddable":true,"href":"https:\/\/linitiative.ca\/International\/wp-json\/wp\/v2\/users\/1763"}],"replies":[{"embeddable":true,"href":"https:\/\/linitiative.ca\/International\/wp-json\/wp\/v2\/comments?post=137842"}],"version-history":[{"count":0,"href":"https:\/\/linitiative.ca\/International\/wp-json\/wp\/v2\/posts\/137842\/revisions"}],"wp:attachment":[{"href":"https:\/\/linitiative.ca\/International\/wp-json\/wp\/v2\/media?parent=137842"}],"wp:term":[{"taxonomy":"category","embeddable":true,"href":"https:\/\/linitiative.ca\/International\/wp-json\/wp\/v2\/categories?post=137842"},{"taxonomy":"post_tag","embeddable":true,"href":"https:\/\/linitiative.ca\/International\/wp-json\/wp\/v2\/tags?post=137842"}],"curies":[{"name":"wp","href":"https:\/\/api.w.org\/{rel}","templated":true}]}}