{"id":137843,"date":"2022-01-06T10:02:38","date_gmt":"2022-01-06T15:02:38","guid":{"rendered":"https:\/\/linitiative.ca\/International\/covid-le-lycee-lyautey-suspend-les-cours-en-presentiel\/"},"modified":"2022-01-06T10:02:38","modified_gmt":"2022-01-06T15:02:38","slug":"covid-le-lycee-lyautey-suspend-les-cours-en-presentiel","status":"publish","type":"post","link":"https:\/\/linitiative.ca\/International\/covid-le-lycee-lyautey-suspend-les-cours-en-presentiel\/","title":{"rendered":"Covid: Le Lyc\u00e9e Lyautey suspend les cours en pr\u00e9sentiel"},"content":{"rendered":"<div>\n<div class=\"field field-name-body field-type-text-with-summary field-label-hidden\">\n<div class=\"field-items\">\n<div class=\"field-item even\" property=\"content:encoded\">\n<p class=\"rtejustify\">Le Lyc\u00e9e Lyautey suspend les cours en pr\u00e9sentiel jusqu&rsquo;\u00e0 nouvel ordre en raison de la hausse des cas de Covid-19. Cette d\u00e9cision a \u00e9t\u00e9 prise par l&rsquo;\u00e9tablissement \u00ab\u00a0en accord avec les autorit\u00e9s sanitaires et suite \u00e0 l\u2019augmentation importante des cas positifs au covid parmi les \u00e9l\u00e8ves et les personnels\u00a0\u00bb. Elle durera au minimum sept jours. Toutes les activit\u00e9s annexes dans l\u2019\u00e9tablissement (AS, ateliers\u2026etc.) sont aussi suspendues.<\/p>\n<\/div>\n<\/div>\n<\/div>\n<\/div>\n<p>Auteur: hgueye<br \/>\n<a href=\"https:\/\/www.leconomiste.com\/flash-infos\/covid-le-lycee-lyautey-suspend-les-cours-en-presentiel\">Cliquez ici pour lire l&rsquo;article depuis sa source.<\/a><\/p>\n","protected":false},"excerpt":{"rendered":"<p>Le Lyc\u00e9e Lyautey suspend les cours en pr\u00e9sentiel jusqu&rsquo;\u00e0 nouvel ordre en raison de la hausse des cas de Covid-19. Cette d\u00e9cision a \u00e9t\u00e9 prise par l&rsquo;\u00e9tablissement \u00ab\u00a0en accord avec les autorit\u00e9s sanitaires et suite \u00e0 l\u2019augmentation importante des cas positifs au covid parmi les \u00e9l\u00e8ves et les personnels\u00a0\u00bb. Elle durera au minimum sept jours. [&hellip;]<\/p>\n","protected":false},"author":1763,"featured_media":0,"comment_status":"closed","ping_status":"closed","sticky":false,"template":"","format":"standard","meta":{"fifu_image_url":"","fifu_image_alt":"","footnotes":""},"categories":[78,54],"tags":[],"class_list":["post-137843","post","type-post","status-publish","format-standard","hentry","category-economie","category-maroc"],"_links":{"self":[{"href":"https:\/\/linitiative.ca\/International\/wp-json\/wp\/v2\/posts\/137843","targetHints":{"allow":["GET"]}}],"collection":[{"href":"https:\/\/linitiative.ca\/International\/wp-json\/wp\/v2\/posts"}],"about":[{"href":"https:\/\/linitiative.ca\/International\/wp-json\/wp\/v2\/types\/post"}],"author":[{"embeddable":true,"href":"https:\/\/linitiative.ca\/International\/wp-json\/wp\/v2\/users\/1763"}],"replies":[{"embeddable":true,"href":"https:\/\/linitiative.ca\/International\/wp-json\/wp\/v2\/comments?post=137843"}],"version-history":[{"count":0,"href":"https:\/\/linitiative.ca\/International\/wp-json\/wp\/v2\/posts\/137843\/revisions"}],"wp:attachment":[{"href":"https:\/\/linitiative.ca\/International\/wp-json\/wp\/v2\/media?parent=137843"}],"wp:term":[{"taxonomy":"category","embeddable":true,"href":"https:\/\/linitiative.ca\/International\/wp-json\/wp\/v2\/categories?post=137843"},{"taxonomy":"post_tag","embeddable":true,"href":"https:\/\/linitiative.ca\/International\/wp-json\/wp\/v2\/tags?post=137843"}],"curies":[{"name":"wp","href":"https:\/\/api.w.org\/{rel}","templated":true}]}}