{"id":137844,"date":"2022-01-06T10:32:05","date_gmt":"2022-01-06T15:32:05","guid":{"rendered":"https:\/\/linitiative.ca\/International\/covid-6-050-nouveaux-cas-11-deces\/"},"modified":"2022-01-06T10:32:05","modified_gmt":"2022-01-06T15:32:05","slug":"covid-6-050-nouveaux-cas-11-deces","status":"publish","type":"post","link":"https:\/\/linitiative.ca\/International\/covid-6-050-nouveaux-cas-11-deces\/","title":{"rendered":"Covid: 6.050 nouveaux cas, 11 d\u00e9c\u00e8s"},"content":{"rendered":"<div>\n<div class=\"field field-name-body field-type-text-with-summary field-label-hidden\">\n<div class=\"field-items\">\n<div class=\"field-item even\" property=\"content:encoded\">\n<p class=\"rtejustify\">Un total de <strong>6.050<\/strong>\u00a0nouveaux cas d&rsquo;infection au nouveau coronavirus (Covid-19) et<strong> 1.734<\/strong>\u00a0gu\u00e9risons ont \u00e9t\u00e9 enregistr\u00e9s au Maroc au cours des derni\u00e8res 24 heures, a indiqu\u00e9 jeudi le minist\u00e8re de la Sant\u00e9 et de la protection sociale. Dans son bulletin quotidien sur la situation \u00e9pid\u00e9miologique, le minist\u00e8re a relev\u00e9 que le nombre de primo-vaccin\u00e9s a atteint\u200b <strong>24.583.273<\/strong>, celui des personnes ayant re\u00e7u deux doses s&rsquo;\u00e9l\u00e8ve \u00e0 <strong>\u200b\u200b22.964.209<\/strong>, alors que<strong> 3.341.726<\/strong> personnes ont eu trois injections.<\/p>\n<\/div>\n<\/div>\n<\/div>\n<\/div>\n<p>Auteur: hgueye<br \/>\n<a href=\"https:\/\/www.leconomiste.com\/flash-infos\/covid-nouveaux-cas-deces-33\">Cliquez ici pour lire l&rsquo;article depuis sa source.<\/a><\/p>\n","protected":false},"excerpt":{"rendered":"<p>Un total de 6.050\u00a0nouveaux cas d&rsquo;infection au nouveau coronavirus (Covid-19) et 1.734\u00a0gu\u00e9risons ont \u00e9t\u00e9 enregistr\u00e9s au Maroc au cours des derni\u00e8res 24 heures, a indiqu\u00e9 jeudi le minist\u00e8re de la Sant\u00e9 et de la protection sociale. Dans son bulletin quotidien sur la situation \u00e9pid\u00e9miologique, le minist\u00e8re a relev\u00e9 que le nombre de primo-vaccin\u00e9s a atteint\u200b [&hellip;]<\/p>\n","protected":false},"author":1763,"featured_media":0,"comment_status":"closed","ping_status":"closed","sticky":false,"template":"","format":"standard","meta":{"fifu_image_url":"","fifu_image_alt":"","footnotes":""},"categories":[78,54],"tags":[],"class_list":["post-137844","post","type-post","status-publish","format-standard","hentry","category-economie","category-maroc"],"_links":{"self":[{"href":"https:\/\/linitiative.ca\/International\/wp-json\/wp\/v2\/posts\/137844","targetHints":{"allow":["GET"]}}],"collection":[{"href":"https:\/\/linitiative.ca\/International\/wp-json\/wp\/v2\/posts"}],"about":[{"href":"https:\/\/linitiative.ca\/International\/wp-json\/wp\/v2\/types\/post"}],"author":[{"embeddable":true,"href":"https:\/\/linitiative.ca\/International\/wp-json\/wp\/v2\/users\/1763"}],"replies":[{"embeddable":true,"href":"https:\/\/linitiative.ca\/International\/wp-json\/wp\/v2\/comments?post=137844"}],"version-history":[{"count":0,"href":"https:\/\/linitiative.ca\/International\/wp-json\/wp\/v2\/posts\/137844\/revisions"}],"wp:attachment":[{"href":"https:\/\/linitiative.ca\/International\/wp-json\/wp\/v2\/media?parent=137844"}],"wp:term":[{"taxonomy":"category","embeddable":true,"href":"https:\/\/linitiative.ca\/International\/wp-json\/wp\/v2\/categories?post=137844"},{"taxonomy":"post_tag","embeddable":true,"href":"https:\/\/linitiative.ca\/International\/wp-json\/wp\/v2\/tags?post=137844"}],"curies":[{"name":"wp","href":"https:\/\/api.w.org\/{rel}","templated":true}]}}