{"id":137846,"date":"2022-01-06T00:00:00","date_gmt":"2022-01-06T05:00:00","guid":{"rendered":"https:\/\/linitiative.ca\/International\/slimani-dans-un-cercle-ferme-parmi-les-joueurs-africains\/"},"modified":"2022-01-06T00:00:00","modified_gmt":"2022-01-06T05:00:00","slug":"slimani-dans-un-cercle-ferme-parmi-les-joueurs-africains","status":"publish","type":"post","link":"https:\/\/linitiative.ca\/International\/slimani-dans-un-cercle-ferme-parmi-les-joueurs-africains\/","title":{"rendered":"Slimani dans un cercle ferm\u00e9 parmi les joueurs africains"},"content":{"rendered":"<div>L&rsquo;Alg\u00e9rie affrontait hier le Ghana au Qatar lors d&rsquo;un match de pr\u00e9paration pour la Coupe d&rsquo;Afrique des Nations qui d\u00e9butera dans quatre jours<\/div>\n<p>Auteur:<br \/>\n<a href=\"https:\/\/www.lebuteur.com\/article\/detail?titre=slimani-dans-un-cercle-ferme-parmi-les-joueurs-africains&#038;id=101998\">Cliquez ici pour lire l&rsquo;article depuis sa source.<\/a><\/p>\n","protected":false},"excerpt":{"rendered":"<p>L&rsquo;Alg\u00e9rie affrontait hier le Ghana au Qatar lors d&rsquo;un match de pr\u00e9paration pour la Coupe d&rsquo;Afrique des Nations qui d\u00e9butera dans quatre jours Auteur: Cliquez ici pour lire l&rsquo;article depuis sa source.<\/p>\n","protected":false},"author":1738,"featured_media":0,"comment_status":"closed","ping_status":"closed","sticky":false,"template":"","format":"standard","meta":{"fifu_image_url":"","fifu_image_alt":"","footnotes":""},"categories":[53,75],"tags":[],"class_list":["post-137846","post","type-post","status-publish","format-standard","hentry","category-algerie","category-sport"],"_links":{"self":[{"href":"https:\/\/linitiative.ca\/International\/wp-json\/wp\/v2\/posts\/137846","targetHints":{"allow":["GET"]}}],"collection":[{"href":"https:\/\/linitiative.ca\/International\/wp-json\/wp\/v2\/posts"}],"about":[{"href":"https:\/\/linitiative.ca\/International\/wp-json\/wp\/v2\/types\/post"}],"author":[{"embeddable":true,"href":"https:\/\/linitiative.ca\/International\/wp-json\/wp\/v2\/users\/1738"}],"replies":[{"embeddable":true,"href":"https:\/\/linitiative.ca\/International\/wp-json\/wp\/v2\/comments?post=137846"}],"version-history":[{"count":0,"href":"https:\/\/linitiative.ca\/International\/wp-json\/wp\/v2\/posts\/137846\/revisions"}],"wp:attachment":[{"href":"https:\/\/linitiative.ca\/International\/wp-json\/wp\/v2\/media?parent=137846"}],"wp:term":[{"taxonomy":"category","embeddable":true,"href":"https:\/\/linitiative.ca\/International\/wp-json\/wp\/v2\/categories?post=137846"},{"taxonomy":"post_tag","embeddable":true,"href":"https:\/\/linitiative.ca\/International\/wp-json\/wp\/v2\/tags?post=137846"}],"curies":[{"name":"wp","href":"https:\/\/api.w.org\/{rel}","templated":true}]}}