{"id":137847,"date":"2022-01-06T00:06:00","date_gmt":"2022-01-06T05:06:00","guid":{"rendered":"https:\/\/linitiative.ca\/International\/le-depart-de-la-selection-nationale-au-cameroun-reporte\/"},"modified":"2022-01-06T00:06:00","modified_gmt":"2022-01-06T05:06:00","slug":"le-depart-de-la-selection-nationale-au-cameroun-reporte","status":"publish","type":"post","link":"https:\/\/linitiative.ca\/International\/le-depart-de-la-selection-nationale-au-cameroun-reporte\/","title":{"rendered":"Le d\u00e9part de la s\u00e9lection nationale au Cameroun report\u00e9"},"content":{"rendered":"<div>Alors que l&rsquo;\u00e9quipe nationale devait quitter Doha pour le Cameroun ce jeudi 6 janvier 2022, ce d\u00e9part a \u00e9t\u00e9 retard\u00e9 de deux jours<\/div>\n<p>Auteur:<br \/>\n<a href=\"https:\/\/www.lebuteur.com\/article\/detail?titre=le-depart-de-la-selection-nationale-au-cameroun-reporte&#038;id=101999\">Cliquez ici pour lire l&rsquo;article depuis sa source.<\/a><\/p>\n","protected":false},"excerpt":{"rendered":"<p>Alors que l&rsquo;\u00e9quipe nationale devait quitter Doha pour le Cameroun ce jeudi 6 janvier 2022, ce d\u00e9part a \u00e9t\u00e9 retard\u00e9 de deux jours Auteur: Cliquez ici pour lire l&rsquo;article depuis sa source.<\/p>\n","protected":false},"author":1738,"featured_media":0,"comment_status":"closed","ping_status":"closed","sticky":false,"template":"","format":"standard","meta":{"fifu_image_url":"","fifu_image_alt":"","footnotes":""},"categories":[53,75],"tags":[],"class_list":["post-137847","post","type-post","status-publish","format-standard","hentry","category-algerie","category-sport"],"_links":{"self":[{"href":"https:\/\/linitiative.ca\/International\/wp-json\/wp\/v2\/posts\/137847","targetHints":{"allow":["GET"]}}],"collection":[{"href":"https:\/\/linitiative.ca\/International\/wp-json\/wp\/v2\/posts"}],"about":[{"href":"https:\/\/linitiative.ca\/International\/wp-json\/wp\/v2\/types\/post"}],"author":[{"embeddable":true,"href":"https:\/\/linitiative.ca\/International\/wp-json\/wp\/v2\/users\/1738"}],"replies":[{"embeddable":true,"href":"https:\/\/linitiative.ca\/International\/wp-json\/wp\/v2\/comments?post=137847"}],"version-history":[{"count":0,"href":"https:\/\/linitiative.ca\/International\/wp-json\/wp\/v2\/posts\/137847\/revisions"}],"wp:attachment":[{"href":"https:\/\/linitiative.ca\/International\/wp-json\/wp\/v2\/media?parent=137847"}],"wp:term":[{"taxonomy":"category","embeddable":true,"href":"https:\/\/linitiative.ca\/International\/wp-json\/wp\/v2\/categories?post=137847"},{"taxonomy":"post_tag","embeddable":true,"href":"https:\/\/linitiative.ca\/International\/wp-json\/wp\/v2\/tags?post=137847"}],"curies":[{"name":"wp","href":"https:\/\/api.w.org\/{rel}","templated":true}]}}