{"id":137851,"date":"2022-01-06T03:27:00","date_gmt":"2022-01-06T08:27:00","guid":{"rendered":"https:\/\/linitiative.ca\/International\/tous-les-membres-du-staff-de-la-cheffe-du-gouvernement-seront-regroupes-a-la-kasbah\/"},"modified":"2022-01-06T03:27:00","modified_gmt":"2022-01-06T08:27:00","slug":"tous-les-membres-du-staff-de-la-cheffe-du-gouvernement-seront-regroupes-a-la-kasbah","status":"publish","type":"post","link":"https:\/\/linitiative.ca\/International\/tous-les-membres-du-staff-de-la-cheffe-du-gouvernement-seront-regroupes-a-la-kasbah\/","title":{"rendered":"Tous  les membres du staff de la cheffe du gouvernement seront regroup\u00e9s \u00e0 la Kasbah"},"content":{"rendered":"<div><img decoding=\"async\" src=\"https:\/\/linitiative.ca\/International\/wp-content\/uploads\/sites\/23\/2022\/01\/1641478759_article.jpg\" alt=\"Tous  les membres du staff de la cheffe du gouvernement seront regroup\u00e9s \u00e0 la Kasbah\" align=\"left\">Au d\u00e9but, l\u2019exigu\u00eft\u00e9 des locaux avait contraint certains conseillers de la cheffe du gouvernement, comme l\u2019ancienne ministre Aksa Bahri, \u00e0 s\u2019installer \u00e0 l\u2019annexe, am\u00e9nag\u00e9e dans la zone du Lac 2. Mais, soucieuse de garder les membres de son staff tout proches d\u2019elle et favoriser le travail d\u2019\u00e9quipe, Mme Bouden a pr\u00e9f\u00e9r\u00e9 les regrouper tous \u00e0 la Kasbah, y compris la secr\u00e9taire d\u2019Etat \u00e0 la Coop\u00e9ration internationale, A\u00efda Hamdi.<br \/>\n\u00a0<\/p>\n<\/div>\n<p>Auteur:<br \/>\n<a href=\"https:\/\/www.leaders.com.tn\/article\/32842-tous-les-membres-du-staff-de-la-cheffe-du-gouvernement-seront-regroupes-a-la-kasbah\">Cliquez ici pour lire l&rsquo;article depuis sa source.<\/a><\/p>\n","protected":false},"excerpt":{"rendered":"<p>Au d\u00e9but, l\u2019exigu\u00eft\u00e9 des locaux avait contraint certains conseillers de la cheffe du gouvernement, comme l\u2019ancienne ministre Aksa Bahri, \u00e0 s\u2019installer \u00e0 l\u2019annexe, am\u00e9nag\u00e9e dans la zone du Lac 2. Mais, soucieuse de garder les membres de son staff tout proches d\u2019elle et favoriser le travail d\u2019\u00e9quipe, Mme Bouden a pr\u00e9f\u00e9r\u00e9 les regrouper tous \u00e0 [&hellip;]<\/p>\n","protected":false},"author":1772,"featured_media":0,"comment_status":"closed","ping_status":"closed","sticky":false,"template":"","format":"standard","meta":{"fifu_image_url":"http:\/\/www.leaders.com.tn\/uploads\/content\/thumbnails_small\/1641478759_article.jpg","fifu_image_alt":"Tous  les membres du staff de la cheffe du gouvernement seront regroup\u00e9s \u00e0 la Kasbah","footnotes":""},"categories":[73,55],"tags":[],"class_list":["post-137851","post","type-post","status-publish","format-standard","hentry","category-actualite","category-tunisie"],"_links":{"self":[{"href":"https:\/\/linitiative.ca\/International\/wp-json\/wp\/v2\/posts\/137851","targetHints":{"allow":["GET"]}}],"collection":[{"href":"https:\/\/linitiative.ca\/International\/wp-json\/wp\/v2\/posts"}],"about":[{"href":"https:\/\/linitiative.ca\/International\/wp-json\/wp\/v2\/types\/post"}],"author":[{"embeddable":true,"href":"https:\/\/linitiative.ca\/International\/wp-json\/wp\/v2\/users\/1772"}],"replies":[{"embeddable":true,"href":"https:\/\/linitiative.ca\/International\/wp-json\/wp\/v2\/comments?post=137851"}],"version-history":[{"count":0,"href":"https:\/\/linitiative.ca\/International\/wp-json\/wp\/v2\/posts\/137851\/revisions"}],"wp:attachment":[{"href":"https:\/\/linitiative.ca\/International\/wp-json\/wp\/v2\/media?parent=137851"}],"wp:term":[{"taxonomy":"category","embeddable":true,"href":"https:\/\/linitiative.ca\/International\/wp-json\/wp\/v2\/categories?post=137851"},{"taxonomy":"post_tag","embeddable":true,"href":"https:\/\/linitiative.ca\/International\/wp-json\/wp\/v2\/tags?post=137851"}],"curies":[{"name":"wp","href":"https:\/\/api.w.org\/{rel}","templated":true}]}}