{"id":137857,"date":"2022-01-06T05:00:00","date_gmt":"2022-01-06T10:00:00","guid":{"rendered":"https:\/\/linitiative.ca\/International\/a-quand-la-recuperation-du-foncier-non-exploite\/"},"modified":"2022-01-06T05:00:00","modified_gmt":"2022-01-06T10:00:00","slug":"a-quand-la-recuperation-du-foncier-non-exploite","status":"publish","type":"post","link":"https:\/\/linitiative.ca\/International\/a-quand-la-recuperation-du-foncier-non-exploite\/","title":{"rendered":"\u00c0 quand la r\u00e9cup\u00e9ration du foncier non exploit\u00e9 ?"},"content":{"rendered":"<div>L\u2019ancienne zone industrielle de Dra\u00e2-el-Mizan (Tizi-Ouzou) se trouve dans un \u00e9tat lamentable. En plus de l\u2019absence de l\u2019am\u00e9nagement, le foncier industriel octroy\u00e9 \u00e0 certains op\u00e9rateurs depuis plusieurs ann\u00e9es<\/div>\n<p>Auteur:<br \/>\n<a href=\"https:\/\/www.lesoirdalgerie.com\/periscoop\/a-quand-la-recuperation-du-foncier-non-exploite-73281\">Cliquez ici pour lire l&rsquo;article depuis sa source.<\/a><\/p>\n","protected":false},"excerpt":{"rendered":"<p>L\u2019ancienne zone industrielle de Dra\u00e2-el-Mizan (Tizi-Ouzou) se trouve dans un \u00e9tat lamentable. En plus de l\u2019absence de l\u2019am\u00e9nagement, le foncier industriel octroy\u00e9 \u00e0 certains op\u00e9rateurs depuis plusieurs ann\u00e9es Auteur: Cliquez ici pour lire l&rsquo;article depuis sa source.<\/p>\n","protected":false},"author":1741,"featured_media":0,"comment_status":"closed","ping_status":"closed","sticky":false,"template":"","format":"standard","meta":{"fifu_image_url":"","fifu_image_alt":"","footnotes":""},"categories":[73,53],"tags":[],"class_list":["post-137857","post","type-post","status-publish","format-standard","hentry","category-actualite","category-algerie"],"_links":{"self":[{"href":"https:\/\/linitiative.ca\/International\/wp-json\/wp\/v2\/posts\/137857","targetHints":{"allow":["GET"]}}],"collection":[{"href":"https:\/\/linitiative.ca\/International\/wp-json\/wp\/v2\/posts"}],"about":[{"href":"https:\/\/linitiative.ca\/International\/wp-json\/wp\/v2\/types\/post"}],"author":[{"embeddable":true,"href":"https:\/\/linitiative.ca\/International\/wp-json\/wp\/v2\/users\/1741"}],"replies":[{"embeddable":true,"href":"https:\/\/linitiative.ca\/International\/wp-json\/wp\/v2\/comments?post=137857"}],"version-history":[{"count":0,"href":"https:\/\/linitiative.ca\/International\/wp-json\/wp\/v2\/posts\/137857\/revisions"}],"wp:attachment":[{"href":"https:\/\/linitiative.ca\/International\/wp-json\/wp\/v2\/media?parent=137857"}],"wp:term":[{"taxonomy":"category","embeddable":true,"href":"https:\/\/linitiative.ca\/International\/wp-json\/wp\/v2\/categories?post=137857"},{"taxonomy":"post_tag","embeddable":true,"href":"https:\/\/linitiative.ca\/International\/wp-json\/wp\/v2\/tags?post=137857"}],"curies":[{"name":"wp","href":"https:\/\/api.w.org\/{rel}","templated":true}]}}