{"id":137866,"date":"2022-01-06T15:01:09","date_gmt":"2022-01-06T20:01:09","guid":{"rendered":"https:\/\/linitiative.ca\/International\/vers-des-etats-generaux-des-medias-par-jamal-berraoui\/"},"modified":"2022-01-06T15:01:09","modified_gmt":"2022-01-06T20:01:09","slug":"vers-des-etats-generaux-des-medias-par-jamal-berraoui","status":"publish","type":"post","link":"https:\/\/linitiative.ca\/International\/vers-des-etats-generaux-des-medias-par-jamal-berraoui\/","title":{"rendered":"Vers des \u00e9tats g\u00e9n\u00e9raux des m\u00e9dias [Par Jamal Berraoui]"},"content":{"rendered":"<div><img decoding=\"async\" width=\"580\" height=\"381\" src=\"https:\/\/linitiative.ca\/International\/wp-content\/uploads\/sites\/23\/2022\/01\/media-581-x-429.jpg\" class=\"attachment-post-thumbnail size-post-thumbnail wp-post-image\" alt=\"\" loading=\"lazy\" srcset=\"https:\/\/linitiative.ca\/International\/wp-content\/uploads\/sites\/23\/2022\/01\/media-581-x-429.jpg 580w, https:\/\/www.challenge.ma\/wp-content\/uploads\/2022\/01\/media-581-x-429-300x197.jpg 300w, https:\/\/www.challenge.ma\/wp-content\/uploads\/2022\/01\/media-581-x-429-360x236.jpg 360w\" sizes=\"auto, (max-width: 580px) 100vw, 580px\" itemprop=\"image\">On peut dire que le gouvernement a entam\u00e9 le dossier des m\u00e9dias par le bon bout\u00a0: une large concertation sur les d\u00e9fis \u00e0 relever. C\u2019est le bon bout parce qu\u2019on ne pr\u00e9voit pas de s\u2019en tenir au diagnostic, cette approche s\u2019inscrivant dans la dur\u00e9e. Les d\u00e9fis pour les m\u00e9dias sont<\/div>\n<p>Auteur: challenge<br \/>\n<a href=\"https:\/\/www.challenge.ma\/vers-des-etats-generaux-des-medias-par-jamal-berraoui-230263\/\">Cliquez ici pour lire l&rsquo;article depuis sa source.<\/a><\/p>\n","protected":false},"excerpt":{"rendered":"<p>On peut dire que le gouvernement a entam\u00e9 le dossier des m\u00e9dias par le bon bout\u00a0: une large concertation sur les d\u00e9fis \u00e0 relever. C\u2019est le bon bout parce qu\u2019on ne pr\u00e9voit pas de s\u2019en tenir au diagnostic, cette approche s\u2019inscrivant dans la dur\u00e9e. Les d\u00e9fis pour les m\u00e9dias sont Auteur: challenge Cliquez ici pour [&hellip;]<\/p>\n","protected":false},"author":1787,"featured_media":0,"comment_status":"closed","ping_status":"closed","sticky":false,"template":"","format":"standard","meta":{"fifu_image_url":"https:\/\/www.challenge.ma\/wp-content\/uploads\/2022\/01\/media-581-x-429.jpg","fifu_image_alt":"Vers des \u00e9tats g\u00e9n\u00e9raux des m\u00e9dias [Par Jamal Berraoui]","footnotes":""},"categories":[78,54],"tags":[],"class_list":["post-137866","post","type-post","status-publish","format-standard","hentry","category-economie","category-maroc"],"_links":{"self":[{"href":"https:\/\/linitiative.ca\/International\/wp-json\/wp\/v2\/posts\/137866","targetHints":{"allow":["GET"]}}],"collection":[{"href":"https:\/\/linitiative.ca\/International\/wp-json\/wp\/v2\/posts"}],"about":[{"href":"https:\/\/linitiative.ca\/International\/wp-json\/wp\/v2\/types\/post"}],"author":[{"embeddable":true,"href":"https:\/\/linitiative.ca\/International\/wp-json\/wp\/v2\/users\/1787"}],"replies":[{"embeddable":true,"href":"https:\/\/linitiative.ca\/International\/wp-json\/wp\/v2\/comments?post=137866"}],"version-history":[{"count":0,"href":"https:\/\/linitiative.ca\/International\/wp-json\/wp\/v2\/posts\/137866\/revisions"}],"wp:attachment":[{"href":"https:\/\/linitiative.ca\/International\/wp-json\/wp\/v2\/media?parent=137866"}],"wp:term":[{"taxonomy":"category","embeddable":true,"href":"https:\/\/linitiative.ca\/International\/wp-json\/wp\/v2\/categories?post=137866"},{"taxonomy":"post_tag","embeddable":true,"href":"https:\/\/linitiative.ca\/International\/wp-json\/wp\/v2\/tags?post=137866"}],"curies":[{"name":"wp","href":"https:\/\/api.w.org\/{rel}","templated":true}]}}