{"id":137871,"date":"2022-01-06T16:38:11","date_gmt":"2022-01-06T21:38:11","guid":{"rendered":"https:\/\/linitiative.ca\/International\/tunisie-ou-est-passe-bedhiaf-le-conseiller-economique-de-kais-saied\/"},"modified":"2022-01-06T16:38:11","modified_gmt":"2022-01-06T21:38:11","slug":"tunisie-ou-est-passe-bedhiaf-le-conseiller-economique-de-kais-saied","status":"publish","type":"post","link":"https:\/\/linitiative.ca\/International\/tunisie-ou-est-passe-bedhiaf-le-conseiller-economique-de-kais-saied\/","title":{"rendered":"Tunisie \u2013 O\u00f9 est pass\u00e9 Bedhiaf le conseiller \u00e9conomique de Ka\u00efs Sa\u00efed\u00a0?"},"content":{"rendered":"<div>\n<p>Il est clair que toutes les critiques dirig\u00e9es vers Ka\u00efs Sa\u00efed et son \u00e9quipe gouvernementale, par tous ses d\u00e9tracteurs, se focalisent sur le volet \u00e9conomique de sa politique. On reproche, en effet \u00e0 Ka\u00efs Sa\u00efed sa non-ma\u00eetrise du domaine de l\u2019\u00e9conomie et des finances. Comme on lui reproche les insuffisances de l\u2019\u00e9quipe gouvernementale, et surtout [\u2026]<\/p>\n<p>L\u2019article <a href=\"https:\/\/www.tunisienumerique.com\/tunisie-ou-est-passe-bedhiaf-le-conseiller-economique-de-kais-saied\/\">Tunisie \u2013 O\u00f9 est pass\u00e9 Bedhiaf le conseiller \u00e9conomique de Ka\u00efs Sa\u00efed\u00a0?<\/a> est apparu en premier sur <a href=\"https:\/\/www.tunisienumerique.com\/\">Tunisie<\/a>.<\/p>\n<\/div>\n<p>Auteur: Saber .<br \/>\n<a href=\"https:\/\/www.tunisienumerique.com\/tunisie-ou-est-passe-bedhiaf-le-conseiller-economique-de-kais-saied\/\">Cliquez ici pour lire l&rsquo;article depuis sa source.<\/a><\/p>\n","protected":false},"excerpt":{"rendered":"<p>Il est clair que toutes les critiques dirig\u00e9es vers Ka\u00efs Sa\u00efed et son \u00e9quipe gouvernementale, par tous ses d\u00e9tracteurs, se focalisent sur le volet \u00e9conomique de sa politique. On reproche, en effet \u00e0 Ka\u00efs Sa\u00efed sa non-ma\u00eetrise du domaine de l\u2019\u00e9conomie et des finances. Comme on lui reproche les insuffisances de l\u2019\u00e9quipe gouvernementale, et surtout [&hellip;]<\/p>\n","protected":false},"author":1789,"featured_media":0,"comment_status":"closed","ping_status":"closed","sticky":false,"template":"","format":"standard","meta":{"fifu_image_url":"","fifu_image_alt":"","footnotes":""},"categories":[73,55],"tags":[],"class_list":["post-137871","post","type-post","status-publish","format-standard","hentry","category-actualite","category-tunisie"],"_links":{"self":[{"href":"https:\/\/linitiative.ca\/International\/wp-json\/wp\/v2\/posts\/137871","targetHints":{"allow":["GET"]}}],"collection":[{"href":"https:\/\/linitiative.ca\/International\/wp-json\/wp\/v2\/posts"}],"about":[{"href":"https:\/\/linitiative.ca\/International\/wp-json\/wp\/v2\/types\/post"}],"author":[{"embeddable":true,"href":"https:\/\/linitiative.ca\/International\/wp-json\/wp\/v2\/users\/1789"}],"replies":[{"embeddable":true,"href":"https:\/\/linitiative.ca\/International\/wp-json\/wp\/v2\/comments?post=137871"}],"version-history":[{"count":0,"href":"https:\/\/linitiative.ca\/International\/wp-json\/wp\/v2\/posts\/137871\/revisions"}],"wp:attachment":[{"href":"https:\/\/linitiative.ca\/International\/wp-json\/wp\/v2\/media?parent=137871"}],"wp:term":[{"taxonomy":"category","embeddable":true,"href":"https:\/\/linitiative.ca\/International\/wp-json\/wp\/v2\/categories?post=137871"},{"taxonomy":"post_tag","embeddable":true,"href":"https:\/\/linitiative.ca\/International\/wp-json\/wp\/v2\/tags?post=137871"}],"curies":[{"name":"wp","href":"https:\/\/api.w.org\/{rel}","templated":true}]}}