{"id":137877,"date":"2022-01-06T16:14:29","date_gmt":"2022-01-06T21:14:29","guid":{"rendered":"https:\/\/linitiative.ca\/International\/economie-informelle-les-acteurs-prennent-contact-avec-le-gouvernement\/"},"modified":"2022-01-06T16:14:29","modified_gmt":"2022-01-06T21:14:29","slug":"economie-informelle-les-acteurs-prennent-contact-avec-le-gouvernement","status":"publish","type":"post","link":"https:\/\/linitiative.ca\/International\/economie-informelle-les-acteurs-prennent-contact-avec-le-gouvernement\/","title":{"rendered":"Economie informelle : Les acteurs prennent contact avec  le gouvernement"},"content":{"rendered":"<div>\n<p><strong>Les acteurs du secteur informel ont pris contact avec le ministre des Sports, de l\u2019Autonomisation des jeunes et de l\u2019Emploi, Mathias Tankoano et celui du D\u00e9veloppement industriel, du Commerce, de l\u2019Artisanat et des Petites et Moyennes entreprises, Jean Christophe Ilboudo, le jeudi 6 janvier 2022, \u00e0 Ouagadougou. <\/strong><\/p>\n<p>Des commer\u00e7ants, des agriculteurs, des \u00e9leveurs, des artisans, des transformateurs, des fournisseurs de services, etc. du secteur informel r\u00e9unis autour du Conseil national de l\u2019\u00e9conomie informelle du Burkina Faso (CNEI-BF) ont \u00e9chang\u00e9 avec leurs minist\u00e8res de tutelle, dans la matin\u00e9e du jeudi 6 janvier 2022, \u00e0 Ouagadougou.<\/p>\n<p>En effet, le ministre des Sports, de l\u2019Autonomisation des jeunes et de l\u2019Emploi, Mathias Tankoano et celui du D\u00e9veloppement industriel, du Commerce, de l\u2019Artisanat et des Petites et Moyennes entreprises, Jean Christophe Ilboudo, ont apport\u00e9 le message de soutien du gouvernement aux acteurs de l\u2019\u00e9conomie informelle, lors de cette rencontre qui s\u2019est voulue une prise de contact.<\/p>\n<p>\u00ab Nous sommes venus leur renouveler toute la disponibilit\u00e9 du gouvernement \u00e0 les accompagner dans leurs missions. Comme vous le savez, les acteurs du secteur informel jouent un r\u00f4le important en mati\u00e8re de cr\u00e9ation de richesses et d\u2019emplois. Il \u00e9tait donc important que nous les rencontrions ce matin \u00bb, a confi\u00e9 le porte-parole de la d\u00e9l\u00e9gation gouvernementale, Jean Christophe Ilboudo.<\/p>\n<p>Les acteurs de l\u2019\u00e9conomie informelle, a-t-il indiqu\u00e9, ont \u00e9t\u00e9 aussi invit\u00e9s \u00e0 rester mobilis\u00e9s autour de leur fa\u00eeti\u00e8re qu\u2019est le CNEI-BF pour la r\u00e9solution de leurs diverses pr\u00e9occupations dans le dialogue et la concertation. Ce message, \u00e0 entendre Jean Christophe Ilboudo, n\u2019est pas tomb\u00e9 dans l\u2019oreille d\u2019un sourd. Car, a-t-il justifi\u00e9, les participants ont exprim\u00e9 leur satisfaction \u00e0 l\u2019issue des \u00e9changes qu\u2019ils ont eus avec leurs d\u00e9partements de tutelle.<\/p>\n<p>\u00ab Nous invitons \u00e9galement le Conseil national de l\u2019\u00e9conomie informelle du Burkina Faso \u00e0 travailler en synergie avec les autres acteurs dans le milieu \u00e9conomique pour qu\u2019ensemble nous puissions conjuguer nos efforts en vue de venir \u00e0 bout de la vie ch\u00e8re, r\u00e9soudre le probl\u00e8me de la disponibilit\u00e9 des produits de grande consommation et clarifier la probl\u00e9matique du jeu des acteurs. Pour cela, nous ne laisserons personne en marge.<\/p>\n<p>Tous les intervenants de l\u2019\u00e9conomie nationale seront associ\u00e9s pour transformer l\u2019\u00e9conomie informelle en celle formelle \u00bb, a laiss\u00e9 entendre le porte-parole de la d\u00e9l\u00e9gation gouvernementale.<\/p>\n<h3>Satisf\u00e9cit des acteurs<\/h3>\n<figure id=\"attachment_43999\" aria-describedby=\"caption-attachment-43999\" style=\"width: 300px\" class=\"wp-caption alignleft\"><img decoding=\"async\" loading=\"lazy\" class=\"size-medium wp-image-43999\" src=\"https:\/\/linitiative.ca\/International\/wp-content\/uploads\/sites\/23\/2022\/01\/ecotax2-300x223-1.gif\" alt=\"\" width=\"300\" height=\"223\" srcset=\"https:\/\/linitiative.ca\/International\/wp-content\/uploads\/sites\/23\/2022\/01\/ecotax2-300x223-1.gif 300w, https:\/\/www.sidwaya.info\/wp-content\/uploads\/2022\/01\/ecotax2-150x111.gif 150w, https:\/\/www.sidwaya.info\/wp-content\/uploads\/2022\/01\/ecotax2-485x360.gif 485w, https:\/\/www.sidwaya.info\/wp-content\/uploads\/2022\/01\/ecotax2-566x420.gif 566w, https:\/\/www.sidwaya.info\/wp-content\/uploads\/2022\/01\/ecotax2-80x60.gif 80w, https:\/\/www.sidwaya.info\/wp-content\/uploads\/2022\/01\/ecotax2-265x198.gif 265w\" sizes=\"auto, (max-width: 300px) 100vw, 300px\"><figcaption id=\"caption-attachment-43999\" class=\"wp-caption-text\">Le pr\u00e9sident du CNEI-BF, Salifou Niki\u00e9ma : \u00ab nous allons tracer les sillons pour la transformation de l\u2019\u00e9conomie informelle en celle<br \/>formelle au profit des g\u00e9n\u00e9rations futures \u00bb.<\/figcaption><\/figure>\n<p>Le pr\u00e9sident du CNEI-BF, Salifou Niki\u00e9ma, a rench\u00e9ri que lui et ses coll\u00e8gues sont tr\u00e8s satisfaits d\u2019avoir rencontr\u00e9 les ministres Tankoano et Ilboudo, porteurs du message d\u2019encouragement de l\u2019Ex\u00e9cutif. Pour lui, tous les travailleurs de l\u2019\u00e9conomie informelle des 13 r\u00e9gions du Burkina Faso ont t\u00e9moign\u00e9 leur satisf\u00e9cit pour cette premi\u00e8re prise de contact \u00ab in\u00e9dite \u00bb.<\/p>\n<p>\u00ab C\u2019est un signe fort que le gouvernement accorde une attention particuli\u00e8re \u00e0 l\u2019\u00e9conomie informelle. Nous tenons \u00e0 remercier les deux ministres pr\u00e9sents \u00e0 cet effet. Nous voulons traduire notre engagement \u00e0 mieux organiser le secteur informel qui compte de nos jours plus de 80% de l\u2019\u00e9conomie nationale \u00bb, a d\u00e9clar\u00e9 Salifou Niki\u00e9ma. A l\u2019entendre, si le gouvernement accompagne le secteur informel, cela peut emp\u00eacher des jeunes de nos jours de rejoindre les \u00ab forces du mal \u00bb au d\u00e9triment du d\u00e9veloppement socio-\u00e9conomique du Burkina Faso.<\/p>\n<p>Quant au 1er vice-pr\u00e9sident du CNEI-BF, Boureima Tond\u00e9, il a rappel\u00e9 que le CNEI-BF regroupe des organisations professionnelles de l\u2019\u00e9conomie informelle sous le r\u00e9c\u00e9piss\u00e9 n\u00b0766 601\/ MATDC\/SG du 07 f\u00e9vrier 2020. Il est le fruit, a-t-il relev\u00e9, de l\u2019une des recommandations de la IIIe \u00e9dition du Forum national de l\u2019\u00e9conomie informelle tenu du 18 au 22 juillet 2019. La mise en place du CNEI-BF, a expliqu\u00e9 Boureima Tond\u00e9, s\u2019est faite suivant un processus transparent, participatif et inclusif, \u00e0 travers un comit\u00e9, un atelier national d\u2019\u00e9laboration des textes, des consultations r\u00e9gionales et une assembl\u00e9e g\u00e9n\u00e9rale constitutive.<\/p>\n<p>Repr\u00e9sent\u00e9 dans les 13 r\u00e9gions, les 45 provinces et bient\u00f4t dans les 306 communes, le CNEI-BF compte 42 membres, deux secr\u00e9taires et deux commissaires aux comptes dans son bureau ex\u00e9cutif national. Il plaide pour la d\u00e9fense des int\u00e9r\u00eats des travailleurs de l\u2019\u00e9conomie informelle, sert d\u2019interface entre ses membres, l\u2019Etat et les Partenaires techniques et financiers (PTF), donne son avis pour \u00e9clairer le choix des politiques d\u2019accompagnement et contribue \u00e0 la mise en \u0153uvre du projet de Syst\u00e8me de collecte des taxes dans la commune de Ouagadougou (SYCOTAX).<\/p>\n<p style=\"text-align: right\"><strong>Boukary BONKOUNGOU <\/strong><\/p>\n<p>L\u2019article <a rel=\"nofollow\" href=\"https:\/\/www.sidwaya.info\/blog\/2022\/01\/06\/economie-informelle-les-acteurs-prennent-contact-avec-le-gouvernement\/\">Economie informelle : Les acteurs prennent contact avec  le gouvernement<\/a> est apparu en premier sur <a rel=\"nofollow\" href=\"https:\/\/www.sidwaya.info\/\">Quotidien Sidwaya<\/a>.<\/p>\n<\/div>\n<p>Auteur: JK. Sidwaya<br \/>\n<a href=\"https:\/\/www.sidwaya.info\/blog\/2022\/01\/06\/economie-informelle-les-acteurs-prennent-contact-avec-le-gouvernement\/?utm_source=rss&#038;utm_medium=rss&#038;utm_campaign=economie-informelle-les-acteurs-prennent-contact-avec-le-gouvernement\">Cliquez ici pour lire l&rsquo;article depuis sa source.<\/a><\/p>\n","protected":false},"excerpt":{"rendered":"<p>Les acteurs du secteur informel ont pris contact avec le ministre des Sports, de l\u2019Autonomisation des jeunes et de l\u2019Emploi, Mathias Tankoano et celui du D\u00e9veloppement industriel, du Commerce, de l\u2019Artisanat et des Petites et Moyennes entreprises, Jean Christophe Ilboudo, le jeudi 6 janvier 2022, \u00e0 Ouagadougou. Des commer\u00e7ants, des agriculteurs, des \u00e9leveurs, des artisans, [&hellip;]<\/p>\n","protected":false},"author":1816,"featured_media":0,"comment_status":"closed","ping_status":"closed","sticky":false,"template":"","format":"standard","meta":{"fifu_image_url":"https:\/\/www.sidwaya.info\/wp-content\/uploads\/2022\/01\/ecotax2-300x223.gif","fifu_image_alt":"Economie informelle : Les acteurs prennent contact avec  le gouvernement","footnotes":""},"categories":[73,81],"tags":[],"class_list":["post-137877","post","type-post","status-publish","format-standard","hentry","category-actualite","category-burkina-faso"],"_links":{"self":[{"href":"https:\/\/linitiative.ca\/International\/wp-json\/wp\/v2\/posts\/137877","targetHints":{"allow":["GET"]}}],"collection":[{"href":"https:\/\/linitiative.ca\/International\/wp-json\/wp\/v2\/posts"}],"about":[{"href":"https:\/\/linitiative.ca\/International\/wp-json\/wp\/v2\/types\/post"}],"author":[{"embeddable":true,"href":"https:\/\/linitiative.ca\/International\/wp-json\/wp\/v2\/users\/1816"}],"replies":[{"embeddable":true,"href":"https:\/\/linitiative.ca\/International\/wp-json\/wp\/v2\/comments?post=137877"}],"version-history":[{"count":0,"href":"https:\/\/linitiative.ca\/International\/wp-json\/wp\/v2\/posts\/137877\/revisions"}],"wp:attachment":[{"href":"https:\/\/linitiative.ca\/International\/wp-json\/wp\/v2\/media?parent=137877"}],"wp:term":[{"taxonomy":"category","embeddable":true,"href":"https:\/\/linitiative.ca\/International\/wp-json\/wp\/v2\/categories?post=137877"},{"taxonomy":"post_tag","embeddable":true,"href":"https:\/\/linitiative.ca\/International\/wp-json\/wp\/v2\/tags?post=137877"}],"curies":[{"name":"wp","href":"https:\/\/api.w.org\/{rel}","templated":true}]}}