{"id":137888,"date":"2022-01-06T15:18:03","date_gmt":"2022-01-06T20:18:03","guid":{"rendered":"https:\/\/linitiative.ca\/International\/assimi-goita-joue-la-carte-diplomatique-pour-convaincre-la-cedeao\/"},"modified":"2022-01-06T15:18:03","modified_gmt":"2022-01-06T20:18:03","slug":"assimi-goita-joue-la-carte-diplomatique-pour-convaincre-la-cedeao","status":"publish","type":"post","link":"https:\/\/linitiative.ca\/International\/assimi-goita-joue-la-carte-diplomatique-pour-convaincre-la-cedeao\/","title":{"rendered":"Assimi Go\u00efta joue la carte diplomatique pour convaincre la Cedeao"},"content":{"rendered":"<div>\n<p><img decoding=\"async\" width=\"765\" height=\"412\" src=\"https:\/\/linitiative.ca\/International\/wp-content\/uploads\/sites\/23\/2022\/01\/16415002846092.jpg\" class=\"attachment-post-thumbnail size-post-thumbnail wp-post-image\" alt=\"\" loading=\"lazy\" srcset=\"https:\/\/linitiative.ca\/International\/wp-content\/uploads\/sites\/23\/2022\/01\/16415002846092.jpg 765w, https:\/\/www.journalducameroun.com\/wp-content\/uploads\/2022\/01\/16415002846092-300x162.jpg 300w, https:\/\/www.journalducameroun.com\/wp-content\/uploads\/2022\/01\/16415002846092-600x323.jpg 600w\" sizes=\"auto, (max-width: 765px) 100vw, 765px\"><\/p>\n<p>L&rsquo;heure est d\u00e9sormais \u00e0 l&rsquo;apaisement entre le Mali et la Communaut\u00e9 \u00e9conomique des Etats de l&rsquo;Afrique de l&rsquo;Ouest (Cedeao).Le chef d&rsquo;Etat malien Assimi Go\u00efta a d\u00e9p\u00each\u00e9 aupr\u00e8s de ses pairs ouest-africains le colonel Abdoulaye Maiga, ministre porte-parole du gouvernement, Abdoulaye Diop, ministre malien des Affaires \u00e9trang\u00e8res et de la coop\u00e9ration internationale et Zeini Moulaye, pr\u00e9sident du Haut panel des Assises nationales de la refondation (ANR).\u00a0<\/p>\n<p>Cette d\u00e9marche qui se veut inclusive de la junte malienne, a pour but d&rsquo;expliquer aux chefs d&rsquo;Etats de l&rsquo;espace communautaire les conclusions des Assises nationales de la refondation. La d\u00e9l\u00e9gation malienne a d\u00e9j\u00e0 sillonn\u00e9 la Sierra L\u00e9one, la C\u00f4te d&rsquo;Ivoire et le Ghana. Elle terminera son p\u00e9riple au Nigeria chez Muhammadu Buhari.<\/p>\n<p>Les Assises de la refondation pr\u00e9conisent de prolonger la transition au Mali de \u00ab six mois \u00e0 cinq ans \u00bb et de reporter les \u00e9lections jusqu&rsquo;\u00e0 cette \u00e9ch\u00e9ance. Mais cette d\u00e9cision soul\u00e8ve des vagues au sein de la Cedeao. \u00ab Cinq ans de transition pour des putschistes ? C&rsquo;est par exemple plus que le mandat d&rsquo;un pr\u00e9sident d\u00e9mocratiquement \u00e9lu au Nigeria\u00a0\u00bb a confi\u00e9 un membre de la d\u00e9l\u00e9gation de la m\u00e9diation pr\u00e9sent \u00e0 Bamako. Selon Goodluck Jonathan, m\u00e9diateur de la Cedeao dans la crise malienne, la transition politique de cinq ans n&rsquo;est pas accept\u00e9e au sein de l&rsquo;espace communautaire.<\/p>\n<p>Partant de ce constat, la diplomatie malienne joue d\u00e9sormais l&rsquo;apaisement. \u00ab Ce nouveau chronogramme d\u00e9j\u00e0 pr\u00e9sent\u00e9 \u00e0 certains chefs d&rsquo;Etat de l&rsquo;Espace communautaire n&rsquo;est pas un calendrier fig\u00e9, il est discutable \u00bb a r\u00e9torqu\u00e9 Abdoulaye Diop. \u00ab Pour nous, cinq ans c&rsquo;est une base de discussion, nous sommes pr\u00eats \u00e0 revoir cette dur\u00e9e \u00e0 la baisse\u00a0\u00bb a ajout\u00e9 un conseiller d&rsquo;Assimi Go\u00efta.<\/p>\n<p>Alors que les chefs d&rsquo;Etat de la Cedeao se r\u00e9unissent dimanche prochain \u00e0 Accra, les militaires abattent d\u00e9sormais la carte diplomatique afin d&rsquo;\u00e9chapper \u00e0 de nouvelles sanctions de l&rsquo;organisation sous-r\u00e9gionale.<\/p>\n<p>Cet article <a rel=\"nofollow\" href=\"https:\/\/www.journalducameroun.com\/assimi-goita-joue-la-carte-diplomatique-pour-convaincre-la-cedeao\/\">Assimi Go\u00efta joue la carte diplomatique pour convaincre la Cedeao<\/a> est apparu en premier sur <a rel=\"nofollow\" href=\"https:\/\/www.journalducameroun.com\/\">Journal du Cameroun<\/a>.<\/p>\n<\/div>\n<p>Auteur: APA News<br \/>\n<a href=\"https:\/\/www.journalducameroun.com\/assimi-goita-joue-la-carte-diplomatique-pour-convaincre-la-cedeao\/\">Cliquez ici pour lire l&rsquo;article depuis sa source.<\/a><\/p>\n","protected":false},"excerpt":{"rendered":"<p>L&rsquo;heure est d\u00e9sormais \u00e0 l&rsquo;apaisement entre le Mali et la Communaut\u00e9 \u00e9conomique des Etats de l&rsquo;Afrique de l&rsquo;Ouest (Cedeao).Le chef d&rsquo;Etat malien Assimi Go\u00efta a d\u00e9p\u00each\u00e9 aupr\u00e8s de ses pairs ouest-africains le colonel Abdoulaye Maiga, ministre porte-parole du gouvernement, Abdoulaye Diop, ministre malien des Affaires \u00e9trang\u00e8res et de la coop\u00e9ration internationale et Zeini Moulaye, pr\u00e9sident [&hellip;]<\/p>\n","protected":false},"author":1965,"featured_media":0,"comment_status":"closed","ping_status":"closed","sticky":false,"template":"","format":"standard","meta":{"fifu_image_url":"https:\/\/www.journalducameroun.com\/wp-content\/uploads\/2022\/01\/16415002846092.jpg","fifu_image_alt":"Assimi Go\u00efta joue la carte diplomatique pour convaincre la Cedeao","footnotes":""},"categories":[73,82],"tags":[],"class_list":["post-137888","post","type-post","status-publish","format-standard","hentry","category-actualite","category-cameroun"],"_links":{"self":[{"href":"https:\/\/linitiative.ca\/International\/wp-json\/wp\/v2\/posts\/137888","targetHints":{"allow":["GET"]}}],"collection":[{"href":"https:\/\/linitiative.ca\/International\/wp-json\/wp\/v2\/posts"}],"about":[{"href":"https:\/\/linitiative.ca\/International\/wp-json\/wp\/v2\/types\/post"}],"author":[{"embeddable":true,"href":"https:\/\/linitiative.ca\/International\/wp-json\/wp\/v2\/users\/1965"}],"replies":[{"embeddable":true,"href":"https:\/\/linitiative.ca\/International\/wp-json\/wp\/v2\/comments?post=137888"}],"version-history":[{"count":0,"href":"https:\/\/linitiative.ca\/International\/wp-json\/wp\/v2\/posts\/137888\/revisions"}],"wp:attachment":[{"href":"https:\/\/linitiative.ca\/International\/wp-json\/wp\/v2\/media?parent=137888"}],"wp:term":[{"taxonomy":"category","embeddable":true,"href":"https:\/\/linitiative.ca\/International\/wp-json\/wp\/v2\/categories?post=137888"},{"taxonomy":"post_tag","embeddable":true,"href":"https:\/\/linitiative.ca\/International\/wp-json\/wp\/v2\/tags?post=137888"}],"curies":[{"name":"wp","href":"https:\/\/api.w.org\/{rel}","templated":true}]}}