{"id":137890,"date":"2022-01-06T17:18:03","date_gmt":"2022-01-06T22:18:03","guid":{"rendered":"https:\/\/linitiative.ca\/International\/maroc-covid-montee-en-fleche-des-nouveaux-cas\/"},"modified":"2022-01-06T17:18:03","modified_gmt":"2022-01-06T22:18:03","slug":"maroc-covid-montee-en-fleche-des-nouveaux-cas","status":"publish","type":"post","link":"https:\/\/linitiative.ca\/International\/maroc-covid-montee-en-fleche-des-nouveaux-cas\/","title":{"rendered":"Maroc\/Covid : Mont\u00e9e en fl\u00e8che des nouveaux cas"},"content":{"rendered":"<div>\n<p><img decoding=\"async\" width=\"290\" height=\"174\" src=\"https:\/\/linitiative.ca\/International\/wp-content\/uploads\/sites\/23\/2022\/01\/16415074842231.jpg\" class=\"attachment-post-thumbnail size-post-thumbnail wp-post-image\" alt=\"\" loading=\"lazy\"><\/p>\n<p>Les cas de contamination au Maroc ont enregistr\u00e9 une mont\u00e9e en fl\u00e8che ces derniers jours. Ce jeudi, le Royaume a recens\u00e9 un total de 6.050 nouveaux cas en 24 heures, a annonc\u00e9 le minist\u00e8re marocain de la Sant\u00e9 dans son bulletin quotidien.Ceci porte \u00e0 983.629 le nouveau bilan d&rsquo;infections depuis le premier cas signal\u00e9 au Maroc en mars 2020, tandis que le nombre des personnes r\u00e9tablies est pass\u00e9 \u00e0 946.289 (+1.734), soit un taux de gu\u00e9rison de 96,2%.<\/p>\n<p>Le nombre total des d\u00e9c\u00e8s est pass\u00e9 \u00e0 14.883 (l\u00e9talit\u00e9 1,5%), avec 11 nouveaux cas enregistr\u00e9s.<\/p>\n<p>S&rsquo;agissant de la campagne de vaccination, le minist\u00e8re rel\u00e8ve que le nombre de primo-vaccin\u00e9s a atteint 24.583.273, celui des personnes ayant re\u00e7u deux doses s&rsquo;\u00e9l\u00e8ve \u00e0 22.964.209, alors que 3.341.726 personnes ont eu trois injections.<\/p>\n<p>Cet article <a rel=\"nofollow\" href=\"https:\/\/www.journalducameroun.com\/maroc-covid-montee-en-fleche-des-nouveaux-cas\/\">Maroc\/Covid : Mont\u00e9e en fl\u00e8che des nouveaux cas<\/a> est apparu en premier sur <a rel=\"nofollow\" href=\"https:\/\/www.journalducameroun.com\/\">Journal du Cameroun<\/a>.<\/p>\n<\/div>\n<p>Auteur: APA News<br \/>\n<a href=\"https:\/\/www.journalducameroun.com\/maroc-covid-montee-en-fleche-des-nouveaux-cas\/\">Cliquez ici pour lire l&rsquo;article depuis sa source.<\/a><\/p>\n","protected":false},"excerpt":{"rendered":"<p>Les cas de contamination au Maroc ont enregistr\u00e9 une mont\u00e9e en fl\u00e8che ces derniers jours. Ce jeudi, le Royaume a recens\u00e9 un total de 6.050 nouveaux cas en 24 heures, a annonc\u00e9 le minist\u00e8re marocain de la Sant\u00e9 dans son bulletin quotidien.Ceci porte \u00e0 983.629 le nouveau bilan d&rsquo;infections depuis le premier cas signal\u00e9 au [&hellip;]<\/p>\n","protected":false},"author":1965,"featured_media":0,"comment_status":"closed","ping_status":"closed","sticky":false,"template":"","format":"standard","meta":{"fifu_image_url":"https:\/\/www.journalducameroun.com\/wp-content\/uploads\/2022\/01\/16415074842231.jpg","fifu_image_alt":"Maroc\/Covid : Mont\u00e9e en fl\u00e8che des nouveaux cas","footnotes":""},"categories":[73,82],"tags":[],"class_list":["post-137890","post","type-post","status-publish","format-standard","hentry","category-actualite","category-cameroun"],"_links":{"self":[{"href":"https:\/\/linitiative.ca\/International\/wp-json\/wp\/v2\/posts\/137890","targetHints":{"allow":["GET"]}}],"collection":[{"href":"https:\/\/linitiative.ca\/International\/wp-json\/wp\/v2\/posts"}],"about":[{"href":"https:\/\/linitiative.ca\/International\/wp-json\/wp\/v2\/types\/post"}],"author":[{"embeddable":true,"href":"https:\/\/linitiative.ca\/International\/wp-json\/wp\/v2\/users\/1965"}],"replies":[{"embeddable":true,"href":"https:\/\/linitiative.ca\/International\/wp-json\/wp\/v2\/comments?post=137890"}],"version-history":[{"count":0,"href":"https:\/\/linitiative.ca\/International\/wp-json\/wp\/v2\/posts\/137890\/revisions"}],"wp:attachment":[{"href":"https:\/\/linitiative.ca\/International\/wp-json\/wp\/v2\/media?parent=137890"}],"wp:term":[{"taxonomy":"category","embeddable":true,"href":"https:\/\/linitiative.ca\/International\/wp-json\/wp\/v2\/categories?post=137890"},{"taxonomy":"post_tag","embeddable":true,"href":"https:\/\/linitiative.ca\/International\/wp-json\/wp\/v2\/tags?post=137890"}],"curies":[{"name":"wp","href":"https:\/\/api.w.org\/{rel}","templated":true}]}}