{"id":137892,"date":"2022-01-06T17:18:04","date_gmt":"2022-01-06T22:18:04","guid":{"rendered":"https:\/\/linitiative.ca\/International\/massere-toure-nommee-secretaire-generale-adjointe-de-la-presidence-ivoirienne\/"},"modified":"2022-01-06T17:18:04","modified_gmt":"2022-01-06T22:18:04","slug":"massere-toure-nommee-secretaire-generale-adjointe-de-la-presidence-ivoirienne","status":"publish","type":"post","link":"https:\/\/linitiative.ca\/International\/massere-toure-nommee-secretaire-generale-adjointe-de-la-presidence-ivoirienne\/","title":{"rendered":"Mass\u00e9r\u00e9 Tour\u00e9 nomm\u00e9e Secr\u00e9taire g\u00e9n\u00e9rale adjointe de la pr\u00e9sidence ivoirienne"},"content":{"rendered":"<div>\n<p><img decoding=\"async\" width=\"400\" height=\"300\" src=\"https:\/\/linitiative.ca\/International\/wp-content\/uploads\/sites\/23\/2022\/01\/16415074845895.jpg\" class=\"attachment-post-thumbnail size-post-thumbnail wp-post-image\" alt=\"\" loading=\"lazy\" srcset=\"https:\/\/linitiative.ca\/International\/wp-content\/uploads\/sites\/23\/2022\/01\/16415074845895.jpg 400w, https:\/\/www.journalducameroun.com\/wp-content\/uploads\/2022\/01\/16415074845895-300x225.jpg 300w\" sizes=\"auto, (max-width: 400px) 100vw, 400px\"><\/p>\n<p>Mass\u00e9r\u00e9 Tour\u00e9 a \u00e9t\u00e9 nomm\u00e9e le 4 janvier  2022 Secr\u00e9taire g\u00e9n\u00e9rale adjointe de la pr\u00e9sidence ivoirienne, un nouveau jalon dans la success-story de celle qui a accompagn\u00e9 le pr\u00e9sident Ouattara dans sa conqu\u00eate du pouvoir depuis 2006.<\/p>\n<p>Mass\u00e9r\u00e9 Tour\u00e9 viendra donc en appui du ministre \u00a0Abdourahmane Ciss\u00e9, l&rsquo;actuel ministre-secr\u00e9taire g\u00e9n\u00e9ral de la pr\u00e9sidence. Elle conserve par ailleurs son poste de directrice de la communication de la pr\u00e9sidence ivoirienne, qu&rsquo;elle occupe depuis 2015.<\/p>\n<p>Ni\u00e8ce et fid\u00e8le de longue date<\/p>\n<p>Ni\u00e8ce du pr\u00e9sident Ouattara, Mass\u00e9r\u00e9 Tour\u00e9 est avant tout une fid\u00e8le de longue date. C&rsquo;est une personnalit\u00e9 particuli\u00e8rement brillante. Par bien des aspects, elle symbolise la rel\u00e8ve de la classe politique ivoirienne, que le pr\u00e9sident veut mettre en valeur.<\/p>\n<p>Revenue en C\u00f4te d&rsquo;Ivoire en 2006, elle accompagne Alassane Ouattara dans sa conqu\u00eate, et sa conservation, de la magistrature supr\u00eame. Elle participe notamment \u00e0 la campagne pr\u00e9sidentielle de 2010 comme conseill\u00e8re en communication, avant d&rsquo;\u00eatre nomm\u00e9e directrice en 2015. Elle conduit depuis la strat\u00e9gie de communication du pr\u00e9sident et g\u00e8re les relations avec les m\u00e9dias.<\/p>\n<p>Sa connaissance fine des dossiers, et du Pr\u00e9sident, rendent sa nomination particuli\u00e8rement coh\u00e9rente avec les responsabilit\u00e9s qui incombent au secr\u00e9tariat g\u00e9n\u00e9ral.<\/p>\n<p>Professionnelle de haut-niveau<\/p>\n<p>N\u00e9e en 1974 \u00e0 Abidjan, Mass\u00e9r\u00e9 Tour\u00e9 a \u00e9tudi\u00e9 en France, dans la ville de Nancy, au sein de l&rsquo;ICN Business School. Elle y obtient en 1998 un DESS, un dipl\u00f4me universitaire pr\u00e9-doctoral, en marketing et gestion.<\/p>\n<p>Elle fait son entr\u00e9e dans la foul\u00e9e, en 1999, au sein de Jeune Afrique, un groupe de presse r\u00e9put\u00e9 aussi bien en France que sur le continent africain. Elle y rejoint la r\u00e9gie publicit\u00e9 et communication o\u00f9 elle occupe le poste de cheffe de produit presse, pour Jeune Afrique et AM-Afrique Magazine.<\/p>\n<p>Son retour en 2006 en C\u00f4te d&rsquo;Ivoire marque son entr\u00e9e dans la vie politique, puis, \u00e0 partir de 2010, au sein de l&rsquo;administration ivoirienne. Comme on l&rsquo;a vu, elle y passe son \u00ab cursus honorum \u00bb au sein de la communication.<\/p>\n<p>En quelques ann\u00e9es, son ascension s&rsquo;est acc\u00e9l\u00e9r\u00e9e. Conseill\u00e8re sp\u00e9ciale et directrice de la communication pr\u00e9sidentielle en 2015, \u00a0elle est nomm\u00e9e aux conseils d&rsquo;administration de Fraternit\u00e9 Matin puis de la RTI en 2019. En 2020, on lui d\u00e9cerne la distinction de Commandeur de l&rsquo;Ordre du m\u00e9rite de la communication. \u00a0<\/p>\n<p>En 2022, Mass\u00e9r\u00e9 Tour\u00e9 entre \u00e0 pr\u00e9sent de plein pied dans les affaires publiques pour une jeune personnalit\u00e9 politique que l&rsquo;on suivra d\u00e8s maintenant avec une attention redoubl\u00e9e.<\/p>\n<p>Cet article <a rel=\"nofollow\" href=\"https:\/\/www.journalducameroun.com\/massere-toure-nommee-secretaire-generale-adjointe-de-la-presidence-ivoirienne\/\">Mass\u00e9r\u00e9 Tour\u00e9 nomm\u00e9e Secr\u00e9taire g\u00e9n\u00e9rale adjointe de la pr\u00e9sidence ivoirienne<\/a> est apparu en premier sur <a rel=\"nofollow\" href=\"https:\/\/www.journalducameroun.com\/\">Journal du Cameroun<\/a>.<\/p>\n<\/div>\n<p>Auteur: APA News<br \/>\n<a href=\"https:\/\/www.journalducameroun.com\/massere-toure-nommee-secretaire-generale-adjointe-de-la-presidence-ivoirienne\/\">Cliquez ici pour lire l&rsquo;article depuis sa source.<\/a><\/p>\n","protected":false},"excerpt":{"rendered":"<p>Mass\u00e9r\u00e9 Tour\u00e9 a \u00e9t\u00e9 nomm\u00e9e le 4 janvier 2022 Secr\u00e9taire g\u00e9n\u00e9rale adjointe de la pr\u00e9sidence ivoirienne, un nouveau jalon dans la success-story de celle qui a accompagn\u00e9 le pr\u00e9sident Ouattara dans sa conqu\u00eate du pouvoir depuis 2006. Mass\u00e9r\u00e9 Tour\u00e9 viendra donc en appui du ministre \u00a0Abdourahmane Ciss\u00e9, l&rsquo;actuel ministre-secr\u00e9taire g\u00e9n\u00e9ral de la pr\u00e9sidence. Elle conserve [&hellip;]<\/p>\n","protected":false},"author":1965,"featured_media":0,"comment_status":"closed","ping_status":"closed","sticky":false,"template":"","format":"standard","meta":{"fifu_image_url":"https:\/\/www.journalducameroun.com\/wp-content\/uploads\/2022\/01\/16415074845895.jpg","fifu_image_alt":"Mass\u00e9r\u00e9 Tour\u00e9 nomm\u00e9e Secr\u00e9taire g\u00e9n\u00e9rale adjointe de la pr\u00e9sidence ivoirienne","footnotes":""},"categories":[73,82],"tags":[],"class_list":["post-137892","post","type-post","status-publish","format-standard","hentry","category-actualite","category-cameroun"],"_links":{"self":[{"href":"https:\/\/linitiative.ca\/International\/wp-json\/wp\/v2\/posts\/137892","targetHints":{"allow":["GET"]}}],"collection":[{"href":"https:\/\/linitiative.ca\/International\/wp-json\/wp\/v2\/posts"}],"about":[{"href":"https:\/\/linitiative.ca\/International\/wp-json\/wp\/v2\/types\/post"}],"author":[{"embeddable":true,"href":"https:\/\/linitiative.ca\/International\/wp-json\/wp\/v2\/users\/1965"}],"replies":[{"embeddable":true,"href":"https:\/\/linitiative.ca\/International\/wp-json\/wp\/v2\/comments?post=137892"}],"version-history":[{"count":0,"href":"https:\/\/linitiative.ca\/International\/wp-json\/wp\/v2\/posts\/137892\/revisions"}],"wp:attachment":[{"href":"https:\/\/linitiative.ca\/International\/wp-json\/wp\/v2\/media?parent=137892"}],"wp:term":[{"taxonomy":"category","embeddable":true,"href":"https:\/\/linitiative.ca\/International\/wp-json\/wp\/v2\/categories?post=137892"},{"taxonomy":"post_tag","embeddable":true,"href":"https:\/\/linitiative.ca\/International\/wp-json\/wp\/v2\/tags?post=137892"}],"curies":[{"name":"wp","href":"https:\/\/api.w.org\/{rel}","templated":true}]}}