{"id":137894,"date":"2022-01-06T17:18:04","date_gmt":"2022-01-06T22:18:04","guid":{"rendered":"https:\/\/linitiative.ca\/International\/le-pdci-et-le-ppa-ci-veulent-sassurer-une-immunite-avec-le-dialogue-politique\/"},"modified":"2022-01-06T17:18:04","modified_gmt":"2022-01-06T22:18:04","slug":"le-pdci-et-le-ppa-ci-veulent-sassurer-une-immunite-avec-le-dialogue-politique","status":"publish","type":"post","link":"https:\/\/linitiative.ca\/International\/le-pdci-et-le-ppa-ci-veulent-sassurer-une-immunite-avec-le-dialogue-politique\/","title":{"rendered":"Le Pdci et le PPA-CI veulent \u00ab\u00a0s\u2019assurer une immunit\u00e9\u00a0\u00bb avec le dialogue politique"},"content":{"rendered":"<div>\n<p><img decoding=\"async\" width=\"1024\" height=\"683\" src=\"https:\/\/linitiative.ca\/International\/wp-content\/uploads\/sites\/23\/2022\/01\/16415074846781.jpg\" class=\"attachment-post-thumbnail size-post-thumbnail wp-post-image\" alt=\"\" loading=\"lazy\" srcset=\"https:\/\/linitiative.ca\/International\/wp-content\/uploads\/sites\/23\/2022\/01\/16415074846781.jpg 1024w, https:\/\/www.journalducameroun.com\/wp-content\/uploads\/2022\/01\/16415074846781-300x200.jpg 300w, https:\/\/www.journalducameroun.com\/wp-content\/uploads\/2022\/01\/16415074846781-768x512.jpg 768w, https:\/\/www.journalducameroun.com\/wp-content\/uploads\/2022\/01\/16415074846781-660x440.jpg 660w, https:\/\/www.journalducameroun.com\/wp-content\/uploads\/2022\/01\/16415074846781-600x400.jpg 600w\" sizes=\"auto, (max-width: 1024px) 100vw, 1024px\"><\/p>\n<p>Le Rhdp, le parti au pouvoir en C\u00f4te d&rsquo;Ivoire, estime que le Pdci et le PPA-CI, les principaux partis de l&rsquo;opposition veulent s&rsquo;assurer \u00ab\u00a0une immunit\u00e9 juridictionnelle\u00a0\u00bb avec le dialogue politique, dans l&rsquo;affaire de la d\u00e9sob\u00e9issance civile lors de la pr\u00e9sidentielle de 2020.<\/p>\n<p>Dans une d\u00e9claration, en r\u00e9action au Pdci et au PPA-CI, le Rhdp indique constater que ces deux partis veulent se servir du dialogue politique, relanc\u00e9 le 16 d\u00e9cembre 2021 \u00ab\u00a0pour s&rsquo;assurer une immunit\u00e9 juridictionnelle et une impunit\u00e9, sans toutefois reconna\u00eetre leurs forfaits\u00a0\u00bb. \u00a0<\/p>\n<p>\u00ab\u00a0Le dialogue politique n&rsquo;est \u00e0 cet \u00e9gard aucunement constitutif d&rsquo;une occasion d&rsquo;exon\u00e9rer \u00e0 priori des hommes politiques des actes justiciables qui leur sont oppos\u00e9s\u00a0\u00bb, a martel\u00e9 le porte-parole du Rhdp, M. Adjoumani Kouassi, dans une d\u00e9claration.\u00a0<\/p>\n<p>A travers une d\u00e9claration conjointe, mercredi, le Pdci et le PPA-CI se sont insurg\u00e9s contre la r\u00e9cente conf\u00e9rence de presse du procureur de la R\u00e9publique, qui s&rsquo;\u00e9tait r\u00e9serv\u00e9 d&rsquo;engager des poursuites contre des leaders de l&rsquo;opposition.\u00a0<\/p>\n<p>Par ailleurs, ces deux partis de l&rsquo;opposition ivoirienne ont accus\u00e9 le chef de l&rsquo;Etat, \u00a0Alassane Ouattara, de \u00ab\u00a0man\u0153uvrer pour torpiller le dialogue politique\u00a0\u00bb qu&rsquo;il a, selon le porte-parole du Rhdp, initi\u00e9 pour consolider la paix et la r\u00e9conciliation nationale.<\/p>\n<p>Le Parti d\u00e9mocratique de C\u00f4te d&rsquo;Ivoire (Pdci) et le Parti des peuples africains C\u00f4te d&rsquo;Ivoire (PPA-CI), se sont dits inquiets du \u00ab\u00a0peu d&rsquo;int\u00e9r\u00eat\u00a0\u00bb que le pr\u00e9sident Alassane Ouattara accorde au dialogue politique et lui demandent de \u00ab\u00a0l&rsquo;inscrire dans ses priorit\u00e9s en 2022\u00a0\u00bb.\u00a0<\/p>\n<p>Par ailleurs, ces deux partis estiment que le sujet du dialogue politique n&rsquo;a pas occup\u00e9 une place importante dans le discours \u00e0 la nation de SEM le Pr\u00e9sident de la R\u00e9publique et en d\u00e9duisent, par cons\u00e9quent, qu&rsquo;il n&rsquo;en fait pas une priorit\u00e9.<\/p>\n<p>\u00a0\u00ab\u00a0Le Rhdp rappelle que la justice n&rsquo;est pas l&rsquo;antith\u00e8se de la paix et du dialogue, que la poursuite du processus judiciaire doit se faire parall\u00e8lement au dialogue politique en cours\u00a0\u00bb, a ajout\u00e9 M. Adjoumani,\u00a0confirmant que \u00ab\u00a0le dialogue et la consolidation de la paix restent des priorit\u00e9s\u00a0\u00bb pour le pr\u00e9sident Ouattara.\u00a0<\/p>\n<p>Le parti au pouvoir se r\u00e9jouit des avanc\u00e9es notables enregistr\u00e9es et des convergences de vue lors des pr\u00e9c\u00e9dentes phases du dialogue politique qui ont conduit entre autres au d\u00e9gel des avoirs, \u00e0 la lib\u00e9ration des prisonniers, au retour des exil\u00e9s, \u00e0 l&rsquo;amnistie et \u00e0 la recomposition de la Commission \u00a0(CEI).<\/p>\n<p>Le RHDP voudrait toutefois rappeler que \u00ab\u00a0la recherche de la v\u00e9rit\u00e9 sur les faits qui se sont produits en C\u00f4te d&rsquo;Ivoire au cours de la p\u00e9riode cibl\u00e9e par les enqu\u00eates n&rsquo;est pas inconciliable avec la r\u00e9conciliation, encore moins le dialogue politique\u00a0\u00bb, a-t-il poursuivi.\u00a0<\/p>\n<p>Pour lui, \u00ab\u00a0ces faits sont d&rsquo;une gravit\u00e9 telle qu&rsquo;il importe de savoir ce qui s&rsquo;est r\u00e9ellement pass\u00e9 et surtout de conna\u00eetre le degr\u00e9 de participation des personnes incrimin\u00e9es\u00a0\u00bb lors de la \u00ab\u00a0d\u00e9sob\u00e9issance civile\u00a0\u00bb lanc\u00e9e par l&rsquo;opposition lors de la pr\u00e9sidentielle du 31 octobre 2020. \u00a0<\/p>\n<p>\u00ab\u00a0Cela nous semble capital et m\u00eame pr\u00e9alable \u00e0 la r\u00e9conciliation v\u00e9ritable que les Ivoiriens appellent de tous leurs v\u0153ux\u00a0\u00bb, a-t-il insist\u00e9, affirmant que \u00ab\u00a0la justice ivoirienne est donc dans son r\u00f4le\u00a0\u00bb.\u00a0<\/p>\n<p>\u00ab\u00a0Le procureur de la R\u00e9publique est dans le champ de ses pr\u00e9rogatives lorsqu&rsquo;il informe l&rsquo;opinion publique des suites judiciaires d&rsquo;une proc\u00e9dure qui, en r\u00e9alit\u00e9, n&rsquo;a pas commenc\u00e9 le 27 d\u00e9cembre 2021, mais ne fait que se poursuivre\u00a0\u00bb, a soulign\u00e9 le porte-parole du Rhdp.\u00a0<\/p>\n<p>Les d\u00e9g\u00e2ts humains et mat\u00e9riels cons\u00e9cutifs aux violences perp\u00e9tr\u00e9es lors de la d\u00e9sob\u00e9issance civile, entre septembre et novembre 2020, ont occasionn\u00e9 85 morts et 500 bless\u00e9s. Pour le Rhdp, \u00ab\u00a0ce mot d&rsquo;ordre visait ni plus ni moins \u00e0 d\u00e9stabiliser les institutions de la R\u00e9publique\u00a0\u00bb<\/p>\n<p>\u00a0\u00ab\u00a0Pour sa part, le Rhdp exige que justice soit rendue aux victimes conform\u00e9ment aux textes en vigueur et que les d\u00e9cisions qui seront prises \u00e0 l&rsquo;issue de ces proc\u00e9dures en cours s&rsquo;imposeront \u00e0 tous, sans pr\u00e9juger qu&rsquo;elles puissent faire l&rsquo;objet, ult\u00e9rieurement, de compromis \u00e0 l&rsquo;occasion d&rsquo;un dialogue politique\u00a0\u00bb, a conclu M. Adjoumani.\u00a0<\/p>\n<p>Cet article <a rel=\"nofollow\" href=\"https:\/\/www.journalducameroun.com\/le-pdci-et-le-ppa-ci-veulent-sassurer-une-immunite-avec-le-dialogue-politique\/\">Le Pdci et le PPA-CI veulent \u00ab\u00a0s\u2019assurer une immunit\u00e9\u00a0\u00bb avec le dialogue politique<\/a> est apparu en premier sur <a rel=\"nofollow\" href=\"https:\/\/www.journalducameroun.com\/\">Journal du Cameroun<\/a>.<\/p>\n<\/div>\n<p>Auteur: APA News<br \/>\n<a href=\"https:\/\/www.journalducameroun.com\/le-pdci-et-le-ppa-ci-veulent-sassurer-une-immunite-avec-le-dialogue-politique\/\">Cliquez ici pour lire l&rsquo;article depuis sa source.<\/a><\/p>\n","protected":false},"excerpt":{"rendered":"<p>Le Rhdp, le parti au pouvoir en C\u00f4te d&rsquo;Ivoire, estime que le Pdci et le PPA-CI, les principaux partis de l&rsquo;opposition veulent s&rsquo;assurer \u00ab\u00a0une immunit\u00e9 juridictionnelle\u00a0\u00bb avec le dialogue politique, dans l&rsquo;affaire de la d\u00e9sob\u00e9issance civile lors de la pr\u00e9sidentielle de 2020. Dans une d\u00e9claration, en r\u00e9action au Pdci et au PPA-CI, le Rhdp indique [&hellip;]<\/p>\n","protected":false},"author":1965,"featured_media":0,"comment_status":"closed","ping_status":"closed","sticky":false,"template":"","format":"standard","meta":{"fifu_image_url":"https:\/\/www.journalducameroun.com\/wp-content\/uploads\/2022\/01\/16415074846781.jpg","fifu_image_alt":"Le Pdci et le PPA-CI veulent \u00ab\u00a0s\u2019assurer une immunit\u00e9\u00a0\u00bb avec le dialogue politique","footnotes":""},"categories":[73,82],"tags":[],"class_list":["post-137894","post","type-post","status-publish","format-standard","hentry","category-actualite","category-cameroun"],"_links":{"self":[{"href":"https:\/\/linitiative.ca\/International\/wp-json\/wp\/v2\/posts\/137894","targetHints":{"allow":["GET"]}}],"collection":[{"href":"https:\/\/linitiative.ca\/International\/wp-json\/wp\/v2\/posts"}],"about":[{"href":"https:\/\/linitiative.ca\/International\/wp-json\/wp\/v2\/types\/post"}],"author":[{"embeddable":true,"href":"https:\/\/linitiative.ca\/International\/wp-json\/wp\/v2\/users\/1965"}],"replies":[{"embeddable":true,"href":"https:\/\/linitiative.ca\/International\/wp-json\/wp\/v2\/comments?post=137894"}],"version-history":[{"count":0,"href":"https:\/\/linitiative.ca\/International\/wp-json\/wp\/v2\/posts\/137894\/revisions"}],"wp:attachment":[{"href":"https:\/\/linitiative.ca\/International\/wp-json\/wp\/v2\/media?parent=137894"}],"wp:term":[{"taxonomy":"category","embeddable":true,"href":"https:\/\/linitiative.ca\/International\/wp-json\/wp\/v2\/categories?post=137894"},{"taxonomy":"post_tag","embeddable":true,"href":"https:\/\/linitiative.ca\/International\/wp-json\/wp\/v2\/tags?post=137894"}],"curies":[{"name":"wp","href":"https:\/\/api.w.org\/{rel}","templated":true}]}}