{"id":137898,"date":"2022-01-06T11:44:07","date_gmt":"2022-01-06T16:44:07","guid":{"rendered":"https:\/\/linitiative.ca\/International\/les-inquietudes-de-maurice-kamto-sur-leconomie-camerounaise\/"},"modified":"2022-01-06T11:44:07","modified_gmt":"2022-01-06T16:44:07","slug":"les-inquietudes-de-maurice-kamto-sur-leconomie-camerounaise","status":"publish","type":"post","link":"https:\/\/linitiative.ca\/International\/les-inquietudes-de-maurice-kamto-sur-leconomie-camerounaise\/","title":{"rendered":"Les inqui\u00e9tudes de Maurice Kamto sur  l\u2019\u00e9conomie camerounaise"},"content":{"rendered":"<div>\n<p>Comme il est devenu de tradition, le Pr. Maurice Kamto, Pr\u00e9sident national du Mouvement pour la Renaissance du Cameroun (MRC) s\u2019est livr\u00e9 \u00e0 l\u2019exercice de v\u0153ux au peuple camerounais. Un discours de plus de 34 minutes dans lequel l\u2019homme politique a \u00e9voqu\u00e9 plusieurs sujets importants de la vie de la nation, dont ceux portant sur les aspects \u00e9conomiques et financiers.<\/p>\n<p>S\u2019appuyant sur la pand\u00e9mie de covid-19, l\u2019homme politique a reconnu d\u2019embl\u00e9e que \u00abl\u2019ann\u00e9e 2021 fut particuli\u00e8rement difficile dans le prolongement des pr\u00e9c\u00e9dentes. Sur le plan sanitaire, comme pratiquement tous les pays dans le monde depuis deux ans d\u00e9j\u00e0, le Cameroun a souffert et souffre encore s\u00e9v\u00e8rement de la pand\u00e9mie de Covid-19\u00bb. S\u2019il dress\u00e9 le constat de ce que \u00able covid-19 Impacte s\u00e9rieusement l\u2019activit\u00e9 \u00e9conomique nationale\u00bb, le Pr. Maurice Kamto d\u00e9plore toutefois que \u00able Covid-19 a \u00e9t\u00e9 consid\u00e9r\u00e9e comme une opportunit\u00e9 de d\u00e9tournements \u00e0 grande \u00e9chelle des biens et deniers publics. Outre des fonds donn\u00e9 par les bailleurs de fonds\u00bb. Corroborant ses propos par le rapport de la Chambre des comptes qui ressort des irr\u00e9gularit\u00e9s et fautes de gestion susceptibles de d\u00e9clenchement de l\u2019action publique.<\/p>\n<p>Le Pr\u00e9sident national du MRC s\u2019est abondamment \u00e9tendu sur la situation de macro \u00e9conomique du pays : \u00able Cameroun s\u2019est caract\u00e9ris\u00e9 par un fort endettement de nature singuli\u00e8rement toxique qui bouche ses horizons sous divers aspects. En effet, notre pays est \u00e0 ce jour, pays de la zone franc le plus endett\u00e9 aupr\u00e8s de la Chine, avec 6,202 milliards de dollars US en avril 2021, d\u2019apr\u00e8s la Banque mondiale, e tient le 6\u00e8me rang de la nation la plus endett\u00e9e aupr\u00e8s du g\u00e9ant asiatique sur le continent. De m\u00eame, le Cameroun est le premier pays francophone le plus endett\u00e9 aupr\u00e8s de la France avec une dette qui s\u2019\u00e9levait \u00e0 945 milliards de FCFA en d\u00e9cembre 2020, et occupe le deuxi\u00e8me rang africain de spays les plus endett\u00e9 aupr\u00e8s de ce pays. Si la dette publique du Cameroun est estim\u00e9e \u00e0 fin 2021, \u00e0 environ 43% de son PIB. D\u2019aucuns estiment que ce niveau d\u2019endettement donne au pays une marge confortable de continuer d\u2019accro\u00eetre sa dette\u00bb, a-t-il relev\u00e9 dans son message de fin d\u2019ann\u00e9e.<br \/>Face \u00e0 la situation d\u2019endettement, le Pr. Maurice Kamto y voit plut\u00f4t \u00abdes difficult\u00e9s importantes du Cameroun \u00e0 mobiliser les financements aupr\u00e8s d\u2019investisseurs \u00e9trangers traduisant ainsi le caract\u00e8re toxique de cette dette\u00bb.<\/p>\n<p><strong>Projets fant\u00f4mes<\/strong><\/p>\n<p>Cons\u00e9quences, \u00abIl r\u00e9sulte de cette situation un arr\u00eat basique et syst\u00e9matique des grands chantiers infrastructurels engag\u00e9s par notre pays\u00bb, ajoute l\u2019ex-Ministre d\u00e9l\u00e9gu\u00e9 \u00e0 la justice.<br \/>Il citera tour \u00e0 tour l\u2019autoroute Yde-Dla, commenc\u00e9 depuis 2014, l\u2019autoroute Kribi-Edea, la route Kribi-Ebolowa par Akom 2, la Ring road Dans le Nord-Ouest, les 14 p\u00e9ages automatiques, le barrage de Mini Warak, les infrastructures sportives tels que le complexe d\u2019Olembe pass\u00e9 miraculeusement, justifie-t-il, de complexe \u00e0 un simple stade, dont l\u2019ach\u00e8vement annonc\u00e9 depuis fin 2018 n\u2019est pas complet en cette veille de la Can 2022. \u00abIl serait trop long de dresser ici la liste de tous les projets fant\u00f4mes miroit\u00e9s par le r\u00e9gime et qui n\u2019ont jamais connu un d\u00e9but d\u2019ex\u00e9cution\u00bb. \u00c0 Lui, de citer de nouveau le chemin de fer de Mbalam-port de Kribi, les tramways de Douala et de Yaound\u00e9, le complexe industrialo-portuaire de Kribi, y compris sa ville nouvelle, le complexe h\u00f4telier de 6 \u00e9toiles du lac de Yaounde, le r\u00e9seau ferr\u00e9 national, les 500 ponts m\u00e9talliques etc\u2026<\/p>\n<p>Le Pr. Maurice Kamto ne manquera pas l\u2019occasion d\u2019aborder le sujet sur la gouvernance. Ici \u00e9galement, le Pr\u00e9sident national du MRC a d\u00e9voil\u00e9 sa grande d\u00e9ception: \u00abl\u2019\u00e9conomie camerounaise a continu\u00e9 \u00e0 \u00eatre marqu\u00e9e par plusieurs scandales financiers dont celui dit du covidgate, ceux de la CAN, celui des fonds g\u00e9n\u00e9reux de la ligne 94 du budget de l\u2019\u00c9tat g\u00e9r\u00e9 par le Ministre de l\u2019\u00e9conomie, distribu\u00e9s en d\u00e9pit du bon sens \u00e0 des particuliers pour leurs activit\u00e9s priv\u00e9es\u2026..\u00bb, a relev\u00e9 l\u2019homme politique. Qui pense d\u00e8s lors que<br \/>cette accentuation de la d\u00e9t\u00e9rioration de la morale publique affecte gravement les couches les plus vuln\u00e9rables, les plus d\u00e9munies, et les plus d\u00e9favoris\u00e9es de notre pays, en leur privant des moyens de supporter une inflation galopante qui vide le panier de la m\u00e9nag\u00e8re et aggrave le ph\u00e9nom\u00e8ne de la vie ch\u00e8re: \u00abl\u2019\u00c9tat exacerbe cette situation en fixant \u00e0 des niveaux records le prix de certains services publics, tels que l\u2019\u00e9tablissement du passeport. Parmi quelques communiqu\u00e9s sans effet du ministre du commerce, et des ventes promotionnelles symboliques, aucune mesure s\u00e9rieuse n\u2019est prise par le gouvernement pour juguler\u00bb, ajoute le Pr. Maurice Kamto.<\/p>\n<p><strong>Appauvrissement<\/strong><\/p>\n<p>Redoutant une accentuation de la grande pauvret\u00e9 et un risque de tension sociale au Cameroun, l\u2019adresse de fin d\u2019ann\u00e9e du Pr\u00e9sident du MRC s\u2019est coll\u00e9e \u00e0 la toute r\u00e9cente actualit\u00e9 \u00e9conomique et financi\u00e8re. Notamment, celle portant sur la loi des finances de l\u2019ann\u00e9e 2022: \u00abelle ouvre la voie au renforcement des in\u00e9galit\u00e9s sociales par une politique fiscale qui participe d\u2019une volont\u00e9 de spoliation des couches de populations des plus d\u00e9favoris\u00e9es\u00bb, soutient l\u2019ancien membre du gouvernement. Concernant les op\u00e9rations des transferts de fonds d\u00e9sormais tax\u00e9es \u00e0 hauteur de 0,2% du montant de l\u2019envoi ou du retrait, le Pr. Maurice Kamto pense que le gouvernement camerounais inflige \u00e0 ses populations d\u00e9munies une sorte de double peine, sous forme de double ponction, tant sur les d\u00e9p\u00f4ts que sur les retraits des fonds transf\u00e9r\u00e9s. Dans le m\u00eame sillage, Il \u00e9voquera la taxe sur les associations \u00e0 but non lucratif et les tontines, qui d\u2019apr\u00e8s lui, \u00abmet en exergue, \u00e0 la fois, les difficult\u00e9s qu\u2019\u00e9prouvent le gouvernement \u00e0 trouver le financement pour son fonctionnement, et sa volont\u00e9 manifeste d\u2019appauvrir davantage les populations\u00bb.<\/p>\n<p>Il qualifie par cons\u00e9quent cet \u00e9largissement de l\u2019assiette fiscale de \u00abcondamnation \u00e0 la mort \u00e9conomique des plus pauvres\u00bb. Et propose une politique orient\u00e9e vers le d\u00e9veloppement industriel avec des facilit\u00e9s \u00e0 la cr\u00e9ation et \u00e0 l\u2019implantation des unit\u00e9s industrielles, et moins de corruption, ainsi que les services \u00e0 forte valeur ajout\u00e9e. Ce qui, insist\u00e9 le Pr\u00e9sident national du MRC, aurait permis \u00e0 l\u2019\u00c9tat d\u2019engranger des ressources financi\u00e8res cons\u00e9quentes lui permettant de couvrir l\u2019essentiel de ses besoins.<\/p>\n<p>L\u2019article <a rel=\"nofollow\" href=\"https:\/\/ecomatin.net\/les-inquietudes-de-maurice-kamto-sur-leconomie-camerounaise\/\">Les inqui\u00e9tudes de Maurice Kamto sur  l\u2019\u00e9conomie camerounaise<\/a> est apparu en premier sur <a rel=\"nofollow\" href=\"https:\/\/ecomatin.net\/\">EcoMatin<\/a>.<\/p>\n<\/div>\n<p>Auteur: Georges Semey<br \/>\n<a href=\"https:\/\/ecomatin.net\/les-inquietudes-de-maurice-kamto-sur-leconomie-camerounaise\/\">Cliquez ici pour lire l&rsquo;article depuis sa source.<\/a><\/p>\n","protected":false},"excerpt":{"rendered":"<p>Comme il est devenu de tradition, le Pr. Maurice Kamto, Pr\u00e9sident national du Mouvement pour la Renaissance du Cameroun (MRC) s\u2019est livr\u00e9 \u00e0 l\u2019exercice de v\u0153ux au peuple camerounais. Un discours de plus de 34 minutes dans lequel l\u2019homme politique a \u00e9voqu\u00e9 plusieurs sujets importants de la vie de la nation, dont ceux portant sur [&hellip;]<\/p>\n","protected":false},"author":1969,"featured_media":0,"comment_status":"closed","ping_status":"closed","sticky":false,"template":"","format":"standard","meta":{"fifu_image_url":"","fifu_image_alt":"","footnotes":""},"categories":[82,78],"tags":[],"class_list":["post-137898","post","type-post","status-publish","format-standard","hentry","category-cameroun","category-economie"],"_links":{"self":[{"href":"https:\/\/linitiative.ca\/International\/wp-json\/wp\/v2\/posts\/137898","targetHints":{"allow":["GET"]}}],"collection":[{"href":"https:\/\/linitiative.ca\/International\/wp-json\/wp\/v2\/posts"}],"about":[{"href":"https:\/\/linitiative.ca\/International\/wp-json\/wp\/v2\/types\/post"}],"author":[{"embeddable":true,"href":"https:\/\/linitiative.ca\/International\/wp-json\/wp\/v2\/users\/1969"}],"replies":[{"embeddable":true,"href":"https:\/\/linitiative.ca\/International\/wp-json\/wp\/v2\/comments?post=137898"}],"version-history":[{"count":0,"href":"https:\/\/linitiative.ca\/International\/wp-json\/wp\/v2\/posts\/137898\/revisions"}],"wp:attachment":[{"href":"https:\/\/linitiative.ca\/International\/wp-json\/wp\/v2\/media?parent=137898"}],"wp:term":[{"taxonomy":"category","embeddable":true,"href":"https:\/\/linitiative.ca\/International\/wp-json\/wp\/v2\/categories?post=137898"},{"taxonomy":"post_tag","embeddable":true,"href":"https:\/\/linitiative.ca\/International\/wp-json\/wp\/v2\/tags?post=137898"}],"curies":[{"name":"wp","href":"https:\/\/api.w.org\/{rel}","templated":true}]}}