{"id":137899,"date":"2022-01-07T08:45:18","date_gmt":"2022-01-07T13:45:18","guid":{"rendered":"https:\/\/linitiative.ca\/International\/mohammedia-demantelement-dun-atelier-clandestin-de-fabrication-de-sacs-en-plastique-interdits\/"},"modified":"2022-01-07T08:45:18","modified_gmt":"2022-01-07T13:45:18","slug":"mohammedia-demantelement-dun-atelier-clandestin-de-fabrication-de-sacs-en-plastique-interdits","status":"publish","type":"post","link":"https:\/\/linitiative.ca\/International\/mohammedia-demantelement-dun-atelier-clandestin-de-fabrication-de-sacs-en-plastique-interdits\/","title":{"rendered":"Mohammedia : D\u00e9mant\u00e8lement d\u2019un atelier clandestin de fabrication de sacs en plastique interdits"},"content":{"rendered":"<div>\n<p><img loading=\"lazy\" decoding=\"async\" width=\"300\" height=\"153\" src=\"https:\/\/linitiative.ca\/International\/wp-content\/uploads\/sites\/23\/2022\/01\/atelier-clandestin-de-fabrication-de-sacs-en-plastique-300x153-1.jpg\" class=\"attachment-medium size-medium wp-post-image\" alt=\"\" srcset=\"https:\/\/linitiative.ca\/International\/wp-content\/uploads\/sites\/23\/2022\/01\/atelier-clandestin-de-fabrication-de-sacs-en-plastique-300x153-1.jpg 300w, https:\/\/aujourdhui.ma\/wp-content\/uploads\/2020\/01\/atelier-clandestin-de-fabrication-de-sacs-en-plastique.jpg 746w\" sizes=\"auto, (max-width: 300px) 100vw, 300px\"><\/p>\n<p><span style=\"color: #800000;\"><strong>Une commission provinciale mixte a proc\u00e9d\u00e9, dimanche dernier, au d\u00e9mant\u00e8lement d\u2019un atelier clandestin de fabrication de sacs en plastique interdits situ\u00e9 \u00e0 douar Aatamna de la commune Sidi Moussa Ben Ali \u00e0 Mohammedia.<\/strong><\/span><\/p>\n<p><span id=\"more-396956\"><\/span><\/p>\n<p>Cette op\u00e9ration, men\u00e9e par la commission compos\u00e9e du minist\u00e8re de l\u2019Industrie et du Commerce, des autorit\u00e9s locales et de la Gendarmerie royale, a permis la saisie de 1.240 kg de sacs en plastique interdits (de couleurs bleue et noire), en plus de deux machines utilis\u00e9es pour fabriquer lesdits sacs, indique un communiqu\u00e9 du minist\u00e8re.<\/p>\n<p>\u00a0<\/p>\n<p>Les autorit\u00e9s ont proc\u00e9d\u00e9 ainsi \u00e0 la mise sous scell\u00e9 de l\u2019entrep\u00f4t et l\u2019ouverture d\u2019une enqu\u00eate judiciaire concernant cette affaire.<\/p>\n<\/div>\n<p>Auteur: ALM<br \/>\n<a href=\"https:\/\/aujourdhui.ma\/actualite\/mohammedia-demantelement-dun-atelier-clandestin-de-fabrication-de-sacs-en-plastique-interdits-2\">Cliquez ici pour lire l&rsquo;article depuis sa source.<\/a><\/p>\n","protected":false},"excerpt":{"rendered":"<p>Une commission provinciale mixte a proc\u00e9d\u00e9, dimanche dernier, au d\u00e9mant\u00e8lement d\u2019un atelier clandestin de fabrication de sacs en plastique interdits situ\u00e9 \u00e0 douar Aatamna de la commune Sidi Moussa Ben Ali \u00e0 Mohammedia. Cette op\u00e9ration, men\u00e9e par la commission compos\u00e9e du minist\u00e8re de l\u2019Industrie et du Commerce, des autorit\u00e9s locales et de la Gendarmerie royale, [&hellip;]<\/p>\n","protected":false},"author":1759,"featured_media":0,"comment_status":"closed","ping_status":"closed","sticky":false,"template":"","format":"standard","meta":{"fifu_image_url":"https:\/\/aujourdhui.ma\/wp-content\/uploads\/2020\/01\/atelier-clandestin-de-fabrication-de-sacs-en-plastique-300x153.jpg","fifu_image_alt":"Mohammedia : D\u00e9mant\u00e8lement d\u2019un atelier clandestin de fabrication de sacs en plastique interdits","footnotes":""},"categories":[73,54],"tags":[],"class_list":["post-137899","post","type-post","status-publish","format-standard","hentry","category-actualite","category-maroc"],"_links":{"self":[{"href":"https:\/\/linitiative.ca\/International\/wp-json\/wp\/v2\/posts\/137899","targetHints":{"allow":["GET"]}}],"collection":[{"href":"https:\/\/linitiative.ca\/International\/wp-json\/wp\/v2\/posts"}],"about":[{"href":"https:\/\/linitiative.ca\/International\/wp-json\/wp\/v2\/types\/post"}],"author":[{"embeddable":true,"href":"https:\/\/linitiative.ca\/International\/wp-json\/wp\/v2\/users\/1759"}],"replies":[{"embeddable":true,"href":"https:\/\/linitiative.ca\/International\/wp-json\/wp\/v2\/comments?post=137899"}],"version-history":[{"count":0,"href":"https:\/\/linitiative.ca\/International\/wp-json\/wp\/v2\/posts\/137899\/revisions"}],"wp:attachment":[{"href":"https:\/\/linitiative.ca\/International\/wp-json\/wp\/v2\/media?parent=137899"}],"wp:term":[{"taxonomy":"category","embeddable":true,"href":"https:\/\/linitiative.ca\/International\/wp-json\/wp\/v2\/categories?post=137899"},{"taxonomy":"post_tag","embeddable":true,"href":"https:\/\/linitiative.ca\/International\/wp-json\/wp\/v2\/tags?post=137899"}],"curies":[{"name":"wp","href":"https:\/\/api.w.org\/{rel}","templated":true}]}}