{"id":137903,"date":"2022-01-07T10:00:48","date_gmt":"2022-01-07T15:00:48","guid":{"rendered":"https:\/\/linitiative.ca\/International\/dans-la-vie-de-sayyeda-el-horra-subsistent-dimportantes-zones-dombre\/"},"modified":"2022-01-07T10:00:48","modified_gmt":"2022-01-07T15:00:48","slug":"dans-la-vie-de-sayyeda-el-horra-subsistent-dimportantes-zones-dombre","status":"publish","type":"post","link":"https:\/\/linitiative.ca\/International\/dans-la-vie-de-sayyeda-el-horra-subsistent-dimportantes-zones-dombre\/","title":{"rendered":"\u00abDans la vie de Sayyeda el horra subsistent d\u2019importantes zones d\u2019ombre\u00bb"},"content":{"rendered":"<div>\n<p><img loading=\"lazy\" decoding=\"async\" width=\"300\" height=\"153\" src=\"https:\/\/linitiative.ca\/International\/wp-content\/uploads\/sites\/23\/2022\/01\/Dans-la-vie-de-Sayyeda-el-horra-subsistent-dimportantes-zones-dombre-300x153-1.jpg\" class=\"attachment-medium size-medium wp-post-image\" alt=\"\" srcset=\"https:\/\/linitiative.ca\/International\/wp-content\/uploads\/sites\/23\/2022\/01\/Dans-la-vie-de-Sayyeda-el-horra-subsistent-dimportantes-zones-dombre-300x153-1.jpg 300w, https:\/\/aujourdhui.ma\/wp-content\/uploads\/2022\/01\/Dans-la-vie-de-Sayyeda-el-horra-subsistent-dimportantes-zones-dombre-274x140.jpg 274w, https:\/\/aujourdhui.ma\/wp-content\/uploads\/2022\/01\/Dans-la-vie-de-Sayyeda-el-horra-subsistent-dimportantes-zones-dombre.jpg 746w, https:\/\/aujourdhui.ma\/wp-content\/uploads\/2022\/01\/Dans-la-vie-de-Sayyeda-el-horra-subsistent-dimportantes-zones-dombre-165x84.jpg 165w, https:\/\/aujourdhui.ma\/wp-content\/uploads\/2022\/01\/Dans-la-vie-de-Sayyeda-el-horra-subsistent-dimportantes-zones-dombre-702x358.jpg 702w\" sizes=\"auto, (max-width: 300px) 100vw, 300px\"><\/p>\n<div class=\"base-box mom_box_sc_custom mom_box_sc clear\" style=\"-moz-border-radius: 5px; border-radius: 5px;background-color:#eeedeb;\">\n<p><span style=\"color: #800000;\"><strong>La c\u00e9l\u00e9brissime auteure Zakya Daoud vient de publier aux \u00e9ditions marocaines \u00abYomad\u00bb, un nouveau livre jeunesse intitul\u00e9 \u00abSayyeda el horra\u00bb. L\u2019auteure, habitu\u00e9e des personnages historiques, s\u2019exprime sur la particularit\u00e9 de sa d\u00e9marche pour destiner une telle oeuvre \u00e0 ce public. Cet entretien \u00e9tait \u00e9galement l\u2019occasion de l\u2019interroger sur ses motifs pour concevoir cette publication ainsi que ses projets.<\/strong><\/span><\/p>\n<\/div>\n<p><strong><span style=\"color: #ff0000;\">ALM<\/span> : Qu\u2019est-ce qui vous a d\u00e9cid\u00e9e \u00e0 accepter de concevoir un roman historique pour les jeunes ?<\/strong><\/p>\n<p><span style=\"color: #ff0000;\"><strong>Zakya Daoud<\/strong> <\/span>: J\u2019ai d\u00e9j\u00e0 \u00e9crit en 2004 pour les \u00e9ditions \u00abYomad\u00bb un roman historique pour les jeunes de 14 ans, appel\u00e9 \u00abAbdelkrim le h\u00e9ros du Rif\u00bb. L\u2019\u00e9ditrice, Nadia Essalmi, avait tr\u00e8s envie de r\u00e9\u00e9diter l\u2019exp\u00e9rience pour \u00abZaynab reine de Marrakech\u00bb, ce que je n\u2019avais pas envie de faire. Par contre, je me suis laiss\u00e9e tenter par cette histoire de \u00abSayyeda el horra\u00bb, reine que j\u2019ai qualifi\u00e9e de pirate qui n\u2019est pas une inconnue, car beaucoup d\u2019articles ont \u00e9t\u00e9 \u00e9crits sur elle, notamment en arabe, ainsi qu\u2019un petit film, mais dans la vie de laquelle subsistent d\u2019importantes zones d\u2019ombre.<\/p>\n<p><strong>Quelle est la d\u00e9marche que vous avez adopt\u00e9e pour adapter l\u2019histoire de \u00abSayyeda el horra\u00bb \u00e0 destination de ce public ?<\/strong><\/p>\n<p>Justement l\u2019int\u00e9r\u00eat pour moi \u00e9tait de d\u00e9m\u00ealer ces zones d\u2019ombre en fonction de la p\u00e9riode et aussi de relier la vie de cette femme \u00e0 ce qui se passait alors en Espagne qui \u00e9tait d\u00e9terminant pour cette r\u00e9gion du Maroc, celle du nord et de T\u00e9touan. Ainsi pouvaient se comprendre une vocation, une exp\u00e9rience, une trajectoire qui sera, j\u2019esp\u00e8re, audible pour cette fraction du public, les jeunes adolescents et qui, pour moi, fonde l\u2019int\u00e9r\u00eat de ce personnage.<\/p>\n<p><strong>Auriez-vous d\u2019autres projets?<\/strong><\/p>\n<p>Je viens de finir un essai paru aux \u00e9ditions La Crois\u00e9e des Chemins sur les Andalous sous le titre \u00abDu sang et de la m\u00e9moire, vie et mort des musulmans d\u2019Espagne\u00bb qui est en droite ligne avec la vie de Sayyeda el horra.<\/p>\n<div class=\"base-box mom_box_sc_custom mom_box_sc clear\" style=\"-moz-border-radius: 5px; border-radius: 5px;background-color:#fddeef;\">\n<p><strong>L\u2019enfant ajout\u00e9 \u00e0 l\u2019histoire<\/strong><\/p>\n<p>A propos de cette publication, la fondatrice des \u00e9ditions \u00abYomad\u00bb, Nadia Essalmi, pr\u00e9cise : \u00abNous avons ajout\u00e9 l\u2019enfant aux faits r\u00e9els de l\u2019histoire\u00bb. De quoi donner envie aux jeunes de lire l\u2019oeuvre. \u00abLes enfants n\u2019arrivent pas beaucoup \u00e0 lire. Pour les int\u00e9resser, nous avons con\u00e7u une histoire romanc\u00e9e\u00bb, explicite l\u2019\u00e9ditrice qui r\u00e9v\u00e8le consacrer une collection \u00e0 l\u2019Histoire. Mme Essalmi essaie d\u2019y mettre, tel qu\u2019elle le d\u00e9taille, des figures historiques du monde arabe qui l\u2019int\u00e9ressent. \u00abDans le syst\u00e8me scolaire, on ne donne pas assez d\u2019importance aux personnages arabes. Pour ma part, j\u2019essaie de combler cette faille. Il est important pour l\u2019enfant de conna\u00eetre les personnages du monde arabe et d\u2019ailleurs \u00e0 travers des romans historiques. Cela enrichit sa connaissance\u00bb, s\u2019exprime-t-elle. Et ce n\u2019est pas tout ! Sa collection est \u00e9galement d\u00e9di\u00e9e \u00e0 Nelson Mandela, Abdelkrim El Khattabi (en version fran\u00e7aise, de Zakya Daoud, et arabe), la \u00abKahena\u00bb (reine guerri\u00e8re berb\u00e8re \u00e9galement appel\u00e9e \u00abDihya\u00bb), \u00abAicha Kandisha\u00bb (La contessa) et Saladin. Le tout en rappelant \u00eatre la premi\u00e8re \u00e9ditrice jeunesse au Maroc et la seule \u00e0 publier des romans pour ce public. \u00abCela me tient \u00e0 coeur. Je travaille beaucoup sur la culture. C\u2019est la colonne vert\u00e9brale d\u2019une soci\u00e9t\u00e9. Le Maroc sera boiteux sans culture pour enfant. La prochaine g\u00e9n\u00e9ration portera le futur. C\u2019est pourquoi il faut l\u2019armer\u00bb, confie-t-elle en indiquant \u00e9galement \u00eatre attach\u00e9e \u00e0 la culture marocaine. Quant \u00e0 \u00abSayyeda el horra\u00bb, elle trouve que \u00abpersonne n\u2019en parle\u00bb. \u00abC\u2019est une femme qui a meubl\u00e9 le monde arabe et andalou \u00bb, poursuit la directrice de Yomad qui indique avoir command\u00e9 cette histoire, qu\u2019elle qualifie de \u00abb\u00e9b\u00e9\u00bb, outre celle de la \u00abKahena\u00bb. Mieux encore, les illustrations de l\u2019oeuvre de Zakya Daoud sont r\u00e9alis\u00e9es par le \u00abcoup de crayon\u00bb de la jeune Hind Kharifi, au moment o\u00f9 la couverture est l\u2019oeuvre de l\u2019artiste-peintre Hayat Bichr dont l\u2019\u00e9ditrice loue les comp\u00e9tences artistiques.<\/p>\n<\/div>\n<div class=\"base-box mom_box_sc_custom mom_box_sc clear\" style=\"-moz-border-radius: 5px; border-radius: 5px;background-color:#fdd8c6;\">\n<p><strong>La d\u00e9marche artistique de Hayat Bichr pour la couverture<\/strong><\/p>\n<p>\u00abQuand Nadia Essalmi m\u2019a parl\u00e9 de l\u2019histoire, j\u2019ai pens\u00e9 \u00e0 la princesse et pirate \u00e0 la fois. Ainsi, j\u2019ai cr\u00e9\u00e9 un environnement autour de ce personnage\u00bb, s\u2019exprime l\u2019artiste-peintre qui indique que l\u2019\u00e9ditrice conna\u00eet sa touche d\u2019apr\u00e8s des expositions. Pour commencer, Mme Bichr a fait des croquis. Entre-temps, elle menait une r\u00e9flexion et des recherches \u00e0 propos de l\u2019intrigue. \u00abJe me disais qu\u2019il doit y avoir la mer. Quant \u00e0 la tenue ancienne, j\u2019ai tenu compte de l\u2019origine andalouse de cette princesse. Alors je lui ai donn\u00e9 une touche en l\u2019habillant \u00e0 la marocaine. J\u2019ai m\u00eame mis un bandage de pirate en introduisant une touche qui \u00e9voque le Nord\u00bb, poursuit l\u2019artiste. Aussi, son pinceau a cr\u00e9\u00e9 l\u2019environnement de ce personnage en tant que \u00abreine du XV\u00e8me si\u00e8cle dans son palais avec un regard sur la mer et pirate qui supervise ses bateaux\u00bb. Bien qu\u2019elle soit sur papier, la couverture est, selon cette artiste-peintre, con\u00e7ue telle une oeuvre \u00absur bois et en 3D\u00bb. \u00abJ\u2019adore la litt\u00e9rature et l\u2019histoire. Je connais d\u00e9j\u00e0 Sayyeda el horra. Mais je voulais faire quelque chose \u00e0 moi\u00bb, encha\u00eene-t-elle spontan\u00e9ment en pr\u00e9cisant combiner les trois disciplines. \u00abUne chance\u00bb pour elle apr\u00e8s l\u2019offre des \u00e9ditions.<\/p>\n<\/div>\n<\/div>\n<p>Auteur: Salima Guisser<br \/>\n<a href=\"https:\/\/aujourdhui.ma\/culture\/dans-la-vie-de-sayyeda-el-horra-subsistent-dimportantes-zones-dombre\">Cliquez ici pour lire l&rsquo;article depuis sa source.<\/a><\/p>\n","protected":false},"excerpt":{"rendered":"<p>La c\u00e9l\u00e9brissime auteure Zakya Daoud vient de publier aux \u00e9ditions marocaines \u00abYomad\u00bb, un nouveau livre jeunesse intitul\u00e9 \u00abSayyeda el horra\u00bb. L\u2019auteure, habitu\u00e9e des personnages historiques, s\u2019exprime sur la particularit\u00e9 de sa d\u00e9marche pour destiner une telle oeuvre \u00e0 ce public. Cet entretien \u00e9tait \u00e9galement l\u2019occasion de l\u2019interroger sur ses motifs pour concevoir cette publication ainsi [&hellip;]<\/p>\n","protected":false},"author":1759,"featured_media":0,"comment_status":"closed","ping_status":"closed","sticky":false,"template":"","format":"standard","meta":{"fifu_image_url":"https:\/\/aujourdhui.ma\/wp-content\/uploads\/2022\/01\/Dans-la-vie-de-Sayyeda-el-horra-subsistent-dimportantes-zones-dombre-300x153.jpg","fifu_image_alt":"\u00abDans la vie de Sayyeda el horra subsistent d\u2019importantes zones d\u2019ombre\u00bb","footnotes":""},"categories":[73,54],"tags":[],"class_list":["post-137903","post","type-post","status-publish","format-standard","hentry","category-actualite","category-maroc"],"_links":{"self":[{"href":"https:\/\/linitiative.ca\/International\/wp-json\/wp\/v2\/posts\/137903","targetHints":{"allow":["GET"]}}],"collection":[{"href":"https:\/\/linitiative.ca\/International\/wp-json\/wp\/v2\/posts"}],"about":[{"href":"https:\/\/linitiative.ca\/International\/wp-json\/wp\/v2\/types\/post"}],"author":[{"embeddable":true,"href":"https:\/\/linitiative.ca\/International\/wp-json\/wp\/v2\/users\/1759"}],"replies":[{"embeddable":true,"href":"https:\/\/linitiative.ca\/International\/wp-json\/wp\/v2\/comments?post=137903"}],"version-history":[{"count":0,"href":"https:\/\/linitiative.ca\/International\/wp-json\/wp\/v2\/posts\/137903\/revisions"}],"wp:attachment":[{"href":"https:\/\/linitiative.ca\/International\/wp-json\/wp\/v2\/media?parent=137903"}],"wp:term":[{"taxonomy":"category","embeddable":true,"href":"https:\/\/linitiative.ca\/International\/wp-json\/wp\/v2\/categories?post=137903"},{"taxonomy":"post_tag","embeddable":true,"href":"https:\/\/linitiative.ca\/International\/wp-json\/wp\/v2\/tags?post=137903"}],"curies":[{"name":"wp","href":"https:\/\/api.w.org\/{rel}","templated":true}]}}