{"id":137913,"date":"2022-01-06T13:00:00","date_gmt":"2022-01-06T18:00:00","guid":{"rendered":"https:\/\/linitiative.ca\/International\/debat-sur-la-place-et-les-missions-de-lentreprise-de-presse\/"},"modified":"2022-01-06T13:00:00","modified_gmt":"2022-01-06T18:00:00","slug":"debat-sur-la-place-et-les-missions-de-lentreprise-de-presse","status":"publish","type":"post","link":"https:\/\/linitiative.ca\/International\/debat-sur-la-place-et-les-missions-de-lentreprise-de-presse\/","title":{"rendered":"D\u00e9bat sur la place et les missions de l\u2019entreprise de presse"},"content":{"rendered":"<div>\n<p class=\"has-text-align-center has-vivid-cyan-blue-color has-text-color\"><strong>R\u00e9union de consultation \u00e0 Rabat<\/strong><\/p>\n<p class=\"has-black-color has-text-color\"><strong>Un parterre d\u2019acteurs du domaine de la presse et des m\u00e9dias s\u2019est r\u00e9uni, mercredi \u00e0 Rabat, pour examiner les diff\u00e9rents sc\u00e9narios susceptibles de surmonter les probl\u00e8mes structurels dont souffre l\u2019entreprise de presse au Maroc, particuli\u00e8rement dans le sillage de la crise du Covid-19 et ses r\u00e9percussions sur le secteur.<\/strong><\/p>\n<p class=\"has-black-color has-text-color\">Le journalisme et la prise de conscience de ses r\u00f4les passe principalement par l\u2019adoption de d\u00e9cisions concluantes relatives au mod\u00e8le \u00e9conomique de l\u2019entreprise journalistique, ont affirm\u00e9 les participants \u00e0 cette r\u00e9union plac\u00e9e sou sle signe \u201cla presse nationale: quelles options pour faire face aux nouveaux d\u00e9fis et remporter le pari de la mise \u00e0 niveau\u201d, organis\u00e9e par le minist\u00e8re de la Jeunesse, de la culture et de la communication, d\u00e9partement de la Communication.<\/p>\n<p class=\"has-black-color has-text-color\">Les acteurs du secteur se sont \u00e9galement arr\u00eat\u00e9s sur l\u2019importance \u00e9norme des t\u00e2ches confi\u00e9es \u00e0 la presse, en raison de l\u2019acc\u00e9l\u00e9ration du processus des mutations structurelles qui traversent la soci\u00e9t\u00e9 marocaine, notant l\u2019importance de la mise en place au Maroc d\u2019outils journalistiques d\u00e9velopp\u00e9s devant servir de levier essentiel de la d\u00e9mocratie et du pluralisme.<\/p>\n<p class=\"has-black-color has-text-color\">Intervenant \u00e0 l\u2019ouverture de cette rencontre, le ministre de la Jeunesse, de la culture et de la communication, Mohamed Mehdi Bensaid, a appel\u00e9 \u00e0 une r\u00e9flexion collective sur de nouvelles politiques structurelles de nature \u00e0 redorer le blason de la presse, et \u00e0 lui rendre son \u00e9clat et son r\u00f4le soci\u00e9tal.<\/p>\n<p class=\"has-black-color has-text-color\">Les entreprises journalistiques ont besoin d\u2019un mod\u00e8le \u00e9conomique \u201cs\u00e9rieux\u201d ax\u00e9 sur la transition num\u00e9rique et les transformations technologiques, a soulign\u00e9 M. Bensaid, mettant l\u2019accent sur l\u2019imp\u00e9ratif d\u2019accompagner la presse papier pour \u00eatre en phase avec les transformations rapides que connaissent les m\u00e9dias num\u00e9riques et les r\u00e9seaux sociaux.<\/p>\n<p class=\"has-black-color has-text-color\">Le ministre a en outre mis en exergue l\u2019importance d\u2019aborder la question des subventions publiques d\u2019un point de vue \u201cinvestissement\u201d, soutenant qu\u2019il est \u201cpr\u00e9f\u00e9rable d\u2019investir dans un domaine, plut\u00f4t que de le subventionner, \u00e0 la faveur d\u2019un nouveau mod\u00e8le visant \u00e0 institutionnaliser cet investissement et \u00e0 le soumettre aux r\u00e8gles de gouvernance et de transparence\u201d.<\/p>\n<p class=\"has-black-color has-text-color\">Il a estim\u00e9 qu\u2019il \u00e9tait temps d\u2019adopter un nouveau r\u00e9gime fiscale pour l\u2019entreprise de presse qui ne r\u00e9alise pas de profits importants en d\u00e9pit des services qu\u2019elle fournit aux citoyens.<\/p>\n<p class=\"has-black-color has-text-color\">De son c\u00f4t\u00e9, le ministre d\u00e9l\u00e9gu\u00e9 aupr\u00e8s du ministre de l\u2019\u00c9conomie et des finances, charg\u00e9 du budget, Fouzi Lekjaa, a indiqu\u00e9 que la situation actuelle de l\u2019entreprise de presse reste vuln\u00e9rable, notant que le fait de continuer \u00e0 ne se focaliser que sur l\u2019aspect fiscal de la probl\u00e9matique et sur les subventions publiques ne fera qu\u2019exacerber cette vuln\u00e9rabilit\u00e9.<\/p>\n<p class=\"has-black-color has-text-color\">La professionnalisation du journalisme passe par l\u2019investissement dans le capital mat\u00e9riel et humain, notamment par la mobilisation des ressources financi\u00e8res et la qualification du capital humain en vue d\u2019accompagner les changements que conna\u00eet le secteur de la presse \u00e0 l\u2019\u00e9chelle plan\u00e9taire, a-t-il expliqu\u00e9.<\/p>\n<p class=\"has-black-color has-text-color\">Les interventions des repr\u00e9sentants des organismes professionnels se sont pench\u00e9es sur un certain nombre de probl\u00e9matiques li\u00e9es au secteur, dont le faible taux de lectorat, la forte concurrence des nouveaux m\u00e9dias, l\u2019amenuisement des recettes publicitaires et l\u2019\u00e9rosion de la confiance entre les m\u00e9dias et la soci\u00e9t\u00e9, entre autres.<\/p>\n<p class=\"has-black-color has-text-color\">Dans l\u2019objectif de surmonter cette situation, les intervenants ont propos\u00e9 la cr\u00e9ation de grandes unit\u00e9s int\u00e9gr\u00e9es comprenant des journaux papiers et \u00e9lectroniques, d\u2019opter pour une strat\u00e9gie claire visant \u00e0 renforcer la structure de ces secteurs \u00e0 diff\u00e9rents niveaux, et d\u2019instaurer un syst\u00e8me de financement public soumis \u00e0 des conditions contractuelles bien d\u00e9termin\u00e9es en vue de r\u00e9aliser des objectifs d\u2019investissement.Ils ont \u00e9galement appel\u00e9 \u00e0 un nouveau mod\u00e8le bas\u00e9 sur l\u2019investissement dans des groupements de presse capables d\u2019entrer en concurrence \u00e0 l\u2019\u00e9chelle r\u00e9gionale, continentale et internationale, \u00e0 travers divers instruments de financement public, et \u00e0 la r\u00e9vision des textes l\u00e9gislatifs qui limitent les possibilit\u00e9s des entreprises m\u00e9diatiques \u00e0 b\u00e9n\u00e9ficier des avantages mat\u00e9riels.<\/p>\n<p class=\"has-black-color has-text-color\">Cette r\u00e9union, qui s\u2019est d\u00e9roul\u00e9e en pr\u00e9sence des repr\u00e9sentants des organismes professionnels, de la F\u00e9d\u00e9ration marocaine des \u00e9diteurs des journaux, de la F\u00e9d\u00e9ration marocaine des m\u00e9dias, de l\u2019Association nationale des m\u00e9dias et des \u00e9diteurs, du Syndicat national de la presse marocaine, aux c\u00f4t\u00e9s du repr\u00e9sentant du Conseil national de la presse, a \u00e9t\u00e9 marqu\u00e9e par l\u2019examen d\u2019une s\u00e9rie de th\u00e9matiques portant notamment sur \u201cl\u2019entreprise de presse: quel mod\u00e8le \u00e9conomique ad\u00e9quat\u201d, \u201cla formation: un levier essentiel pour am\u00e9liorer le contenu journalistique\u201d, et \u201cle d\u00e9veloppement technologique et l\u2019in\u00e9vitable transformation num\u00e9rique\u201d.<\/p>\n<p>L\u2019article <a rel=\"nofollow\" href=\"http:\/\/albayane.press.ma\/debat-sur-la-place-et-les-missions-de-lentreprise-de-presse.html\">D\u00e9bat sur la place et les missions de l\u2019entreprise de presse<\/a> est apparu en premier sur <a rel=\"nofollow\" href=\"http:\/\/albayane.press.ma\/\">ALBAYANE<\/a>.<\/p>\n<\/div>\n<p>Auteur: M&rsquo;hammed rahal<br \/>\n<a href=\"http:\/\/albayane.press.ma\/debat-sur-la-place-et-les-missions-de-lentreprise-de-presse.html\">Cliquez ici pour lire l&rsquo;article depuis sa source.<\/a><\/p>\n","protected":false},"excerpt":{"rendered":"<p>R\u00e9union de consultation \u00e0 Rabat Un parterre d\u2019acteurs du domaine de la presse et des m\u00e9dias s\u2019est r\u00e9uni, mercredi \u00e0 Rabat, pour examiner les diff\u00e9rents sc\u00e9narios susceptibles de surmonter les probl\u00e8mes structurels dont souffre l\u2019entreprise de presse au Maroc, particuli\u00e8rement dans le sillage de la crise du Covid-19 et ses r\u00e9percussions sur le secteur. Le [&hellip;]<\/p>\n","protected":false},"author":1760,"featured_media":0,"comment_status":"closed","ping_status":"closed","sticky":false,"template":"","format":"standard","meta":{"fifu_image_url":"","fifu_image_alt":"","footnotes":""},"categories":[73,54],"tags":[],"class_list":["post-137913","post","type-post","status-publish","format-standard","hentry","category-actualite","category-maroc"],"_links":{"self":[{"href":"https:\/\/linitiative.ca\/International\/wp-json\/wp\/v2\/posts\/137913","targetHints":{"allow":["GET"]}}],"collection":[{"href":"https:\/\/linitiative.ca\/International\/wp-json\/wp\/v2\/posts"}],"about":[{"href":"https:\/\/linitiative.ca\/International\/wp-json\/wp\/v2\/types\/post"}],"author":[{"embeddable":true,"href":"https:\/\/linitiative.ca\/International\/wp-json\/wp\/v2\/users\/1760"}],"replies":[{"embeddable":true,"href":"https:\/\/linitiative.ca\/International\/wp-json\/wp\/v2\/comments?post=137913"}],"version-history":[{"count":0,"href":"https:\/\/linitiative.ca\/International\/wp-json\/wp\/v2\/posts\/137913\/revisions"}],"wp:attachment":[{"href":"https:\/\/linitiative.ca\/International\/wp-json\/wp\/v2\/media?parent=137913"}],"wp:term":[{"taxonomy":"category","embeddable":true,"href":"https:\/\/linitiative.ca\/International\/wp-json\/wp\/v2\/categories?post=137913"},{"taxonomy":"post_tag","embeddable":true,"href":"https:\/\/linitiative.ca\/International\/wp-json\/wp\/v2\/tags?post=137913"}],"curies":[{"name":"wp","href":"https:\/\/api.w.org\/{rel}","templated":true}]}}