{"id":137914,"date":"2022-01-06T13:00:00","date_gmt":"2022-01-06T18:00:00","guid":{"rendered":"https:\/\/linitiative.ca\/International\/lallemagne-salue-les-reformes-menees-au-maroc-et-reconnait-linitiative-dautonomie-comme-une-bonne-base-pour-la-resolution-de-la-question-du-sahara-marocain\/"},"modified":"2022-01-06T13:00:00","modified_gmt":"2022-01-06T18:00:00","slug":"lallemagne-salue-les-reformes-menees-au-maroc-et-reconnait-linitiative-dautonomie-comme-une-bonne-base-pour-la-resolution-de-la-question-du-sahara-marocain","status":"publish","type":"post","link":"https:\/\/linitiative.ca\/International\/lallemagne-salue-les-reformes-menees-au-maroc-et-reconnait-linitiative-dautonomie-comme-une-bonne-base-pour-la-resolution-de-la-question-du-sahara-marocain\/","title":{"rendered":"L\u2019Allemagne salue les r\u00e9formes men\u00e9es au Maroc et reconnait l\u2019initiative d\u2019autonomie comme une \u201cbonne base\u201d pour la r\u00e9solution de la question du Sahara marocain"},"content":{"rendered":"<div>\n<p class=\"has-text-align-center has-vivid-cyan-blue-color has-text-color\"><strong>Communiqu\u00e9 du Cabinet Royal<\/strong><\/p>\n<p class=\"has-black-color has-text-color\"><strong>L\u2019Allemagne \u201csalue les vastes r\u00e9formes men\u00e9es sous la conduite de Sa Majest\u00e9 le Roi\u201d Mohammed VI, consid\u00e8re l\u2019initiative d\u2019autonomie comme une \u201cbonne base\u201d pour la r\u00e9solution de la question du Sahara marocain et exprime sa \u201creconnaissance pour l\u2019engagement actif du Souverain pour le processus de paix en Libye\u201d.<\/strong><\/p>\n<p class=\"has-black-color has-text-color\">Dans un Message adress\u00e9 \u00e0 Sa Majest\u00e9 le Roi Mohammed VI, Que Dieu L\u2019assiste, \u00e0 l\u2019occasion du nouvel an, le Pr\u00e9sident de la R\u00e9publique F\u00e9d\u00e9rale d\u2019Allemagne, Son Excellence Monsieur Frank-Walter STEINMEIR, a soulign\u00e9 que \u201cle Maroc a entrepris sous Votre conduite de vastes r\u00e9formes\u201d, rappelant le \u201csoutien continu et soutenu (de l\u2019Allemagne) au d\u00e9veloppement impressionnant du Maroc\u201d.<\/p>\n<p class=\"has-black-color has-text-color\">\u201cJe tiens en haute estime Vos d\u00e9marches innovantes dans la lutte contre le changement climatique et en mati\u00e8re de transition \u00e9nerg\u00e9tique\u201d, a poursuivi le Pr\u00e9sident allemand, soulignant que \u201cgr\u00e2ce au d\u00e9veloppement dynamique de Votre pays, le Maroc est devenu un site d\u2019investissement important pour les entreprises allemandes en Afrique\u201d.<\/p>\n<p class=\"has-black-color has-text-color\">Dans ce contexte, le Pr\u00e9sident Steinmeir a adress\u00e9 une invitation au Souverain pour effectuer une \u201cVisite d\u2019Etat en Allemagne\u201d, afin de \u201csceller un nouveau partenariat entre les deux pays\u201d.<\/p>\n<p class=\"has-black-color has-text-color\">Concernant la question du Sahara marocain, Monsieur Steinmeir a soulign\u00e9 dans son Message \u00e0 Sa Majest\u00e9 le Roi Mohammed VI, Que Dieu L\u2019assiste, que l\u2019Allemagne \u201cconsid\u00e8re le plan d\u2019autonomie pr\u00e9sent\u00e9 en 2007 comme un effort s\u00e9rieux et cr\u00e9dible du Maroc et comme une bonne base pour parvenir \u00e0 un accord\u201d \u00e0 ce diff\u00e9rend r\u00e9gional.<\/p>\n<p class=\"has-black-color has-text-color\">Il a, en outre, rappel\u00e9 \u201cle soutien de son pays, depuis de nombreuses ann\u00e9es, au processus des Nations Unies en faveur d\u2019une solution politique juste, durable et mutuellement acceptable pour toutes les parties\u201d.<\/p>\n<p class=\"has-black-color has-text-color\">Le Pr\u00e9sident allemand n\u2019a pas manqu\u00e9 de mettre en exergue, dans son Message \u00e0 Sa Majest\u00e9 le Roi Mohammed VI, Que Dieu L\u2019assiste, le r\u00f4le important du Royaume au niveau r\u00e9gional. \u201cJe salue la contribution majeure de Votre pays en faveur de la stabilit\u00e9 et du d\u00e9veloppement durable de la r\u00e9gion\u201d, a ainsi affirm\u00e9 le Pr\u00e9sident Steinmeir.<\/p>\n<p class=\"has-black-color has-text-color\">Dans ce cadre, il a relev\u00e9 \u201cl\u2019engagement tout particulier du Maroc dans la lutte contre le terrorisme international, essentiel pour mon pays (l\u2019Allemagne) et sa s\u00e9curit\u00e9\u201d.<\/p>\n<p class=\"has-black-color has-text-color\">\u201cNous consid\u00e9rons par ailleurs le mod\u00e8le marocain de formation des imams comme un \u00e9l\u00e9ment porteur pouvant enrayer l\u2019extr\u00e9misme\u201d, a soulign\u00e9 le Pr\u00e9sident allemand.<\/p>\n<p class=\"has-black-color has-text-color\">\u201cMon pays et moi-m\u00eame Vous sommes tr\u00e8s reconnaissants de Votre engagement actif pour le processus de paix en Libye\u201d, a conclu le Pr\u00e9sident allemand dans son Message \u00e0 Sa Majest\u00e9 le Roi Mohammed VI, Que Dieu L\u2019assiste.<\/p>\n<p>L\u2019article <a rel=\"nofollow\" href=\"http:\/\/albayane.press.ma\/lallemagne-salue-les-reformes-menees-au-maroc-et-reconnait-linitiative-dautonomie-comme-une-bonne-base-pour-la-resolution-de-la-question-du-sahara-marocain.html\">L\u2019Allemagne salue les r\u00e9formes men\u00e9es au Maroc et reconnait l\u2019initiative d\u2019autonomie comme une \u201cbonne base\u201d pour la r\u00e9solution de la question du Sahara marocain<\/a> est apparu en premier sur <a rel=\"nofollow\" href=\"http:\/\/albayane.press.ma\/\">ALBAYANE<\/a>.<\/p>\n<\/div>\n<p>Auteur: M&rsquo;hammed rahal<br \/>\n<a href=\"http:\/\/albayane.press.ma\/lallemagne-salue-les-reformes-menees-au-maroc-et-reconnait-linitiative-dautonomie-comme-une-bonne-base-pour-la-resolution-de-la-question-du-sahara-marocain.html\">Cliquez ici pour lire l&rsquo;article depuis sa source.<\/a><\/p>\n","protected":false},"excerpt":{"rendered":"<p>Communiqu\u00e9 du Cabinet Royal L\u2019Allemagne \u201csalue les vastes r\u00e9formes men\u00e9es sous la conduite de Sa Majest\u00e9 le Roi\u201d Mohammed VI, consid\u00e8re l\u2019initiative d\u2019autonomie comme une \u201cbonne base\u201d pour la r\u00e9solution de la question du Sahara marocain et exprime sa \u201creconnaissance pour l\u2019engagement actif du Souverain pour le processus de paix en Libye\u201d. Dans un Message [&hellip;]<\/p>\n","protected":false},"author":1760,"featured_media":0,"comment_status":"closed","ping_status":"closed","sticky":false,"template":"","format":"standard","meta":{"fifu_image_url":"","fifu_image_alt":"","footnotes":""},"categories":[73,54],"tags":[],"class_list":["post-137914","post","type-post","status-publish","format-standard","hentry","category-actualite","category-maroc"],"_links":{"self":[{"href":"https:\/\/linitiative.ca\/International\/wp-json\/wp\/v2\/posts\/137914","targetHints":{"allow":["GET"]}}],"collection":[{"href":"https:\/\/linitiative.ca\/International\/wp-json\/wp\/v2\/posts"}],"about":[{"href":"https:\/\/linitiative.ca\/International\/wp-json\/wp\/v2\/types\/post"}],"author":[{"embeddable":true,"href":"https:\/\/linitiative.ca\/International\/wp-json\/wp\/v2\/users\/1760"}],"replies":[{"embeddable":true,"href":"https:\/\/linitiative.ca\/International\/wp-json\/wp\/v2\/comments?post=137914"}],"version-history":[{"count":0,"href":"https:\/\/linitiative.ca\/International\/wp-json\/wp\/v2\/posts\/137914\/revisions"}],"wp:attachment":[{"href":"https:\/\/linitiative.ca\/International\/wp-json\/wp\/v2\/media?parent=137914"}],"wp:term":[{"taxonomy":"category","embeddable":true,"href":"https:\/\/linitiative.ca\/International\/wp-json\/wp\/v2\/categories?post=137914"},{"taxonomy":"post_tag","embeddable":true,"href":"https:\/\/linitiative.ca\/International\/wp-json\/wp\/v2\/tags?post=137914"}],"curies":[{"name":"wp","href":"https:\/\/api.w.org\/{rel}","templated":true}]}}