{"id":137915,"date":"2022-01-06T13:00:00","date_gmt":"2022-01-06T18:00:00","guid":{"rendered":"https:\/\/linitiative.ca\/International\/la-montagne-constitue-un-vivier-de-richesses-a-proteger-et-valoriser\/"},"modified":"2022-01-06T13:00:00","modified_gmt":"2022-01-06T18:00:00","slug":"la-montagne-constitue-un-vivier-de-richesses-a-proteger-et-valoriser","status":"publish","type":"post","link":"https:\/\/linitiative.ca\/International\/la-montagne-constitue-un-vivier-de-richesses-a-proteger-et-valoriser\/","title":{"rendered":"La montagne constitue un vivier de richesses \u00e0 prot\u00e9ger et valoriser"},"content":{"rendered":"<div>\n<p class=\"has-text-align-center has-vivid-cyan-blue-color has-text-color\"><strong>Entretien avec Addi Chagiri, d\u00e9put\u00e9 au groupe du PPS<\/strong><\/p>\n<p class=\"has-text-align-right has-black-color has-text-color\"><strong>Propos recueillis par Saoudi El Amalki<\/strong><\/p>\n<p class=\"has-black-color has-text-color\"><strong>On ne pr\u00e9sentera plus Addi Chagiri, \u00e9lues lors des derni\u00e8res \u00e9lections \u00e0 la circonscription de \u00a0Tinghir. Homme de valeur et de qualit\u00e9 pour les principes de probit\u00e9 et de rectitude dont il ne cesse de faire preuve aussi bien dans au sein du PPS que dans ses missions repr\u00e9sentatives au sein de la commission de l\u2019enseignement, de la culture et de la communication. Depuis le pr\u00e9c\u00e9dent mandat o\u00f9 il \u00e9tait \u00e9lu \u00e0 la Chambre des conseillers, aux c\u00f4t\u00e9s de ma\u00eetre Abdeltif Ouammou, un projet de loi autour de la situation actuelle des zones montagneuses, fut d\u00e9pos\u00e9 par leur soin, pour l\u2019appr\u00e9ciation parlementaire, mais, malheureusement, il n\u2019a pas \u00e9t\u00e9 pris en consid\u00e9ration. Cette fois-ci, le groupe du progr\u00e8s et de socialisme, revient \u00e0 la charge, en le soumettant au Parlement, dans l\u2019espoir d\u2019\u00eatre enfin retenu. Quelles en sont les modalit\u00e9s et les finalit\u00e9s? C\u2019est ce que nous avons jug\u00e9 bon de mettre au clair, par ce succinct entretien avec l\u2019\u00e9minent personnage issu lui-m\u00eame, des pays des gorges de Dad\u00e8s et de Toudgha.<\/strong><\/p>\n<p class=\"has-black-color has-text-color\"><strong>Al Bayane\u00a0: Au nom du groupe du progr\u00e8s et du socialisme, vous venez de remettre au sein de la premi\u00e8re chambre, un projet de loi sur les zones montagneuse, \u00e0 propos duquel vous aspirez la cr\u00e9ation d\u2019un conseil national \u00e0 cet effet et des agences y aff\u00e9rentes. Comment expliquez-vous la n\u00e9cessit\u00e9 de l\u2019initiative et quelles en sont les impacts envisag\u00e9s\u00a0?<\/strong><\/p>\n<p class=\"has-black-color has-text-color\">Addi Chagiri\u00a0: Vous savez, depuis des lustres, la montagne \u00e9tait constamment consid\u00e9r\u00e9e comme un gisement de ressources, en termes de potentiel minier, d\u2019atout hydrique et d\u2019air de ressourcement. D\u2019autre part, il ne fait pas de doute que les populations montagnardes, ont visc\u00e9ralement fait montre d\u2019attachement \u00e0 leurs terres ancestrales et manifeste leurs r\u00e9sistances farouches face aux offensives de l\u2019\u00e9tranger pour pr\u00e9server leur patrimoine aux post\u00e9rit\u00e9s, avec fiert\u00e9 et panache. Il est bien vrai que de louables efforts ont \u00e9t\u00e9 d\u00e9ploy\u00e9s dans le sens de la mise \u00e0 niveau des patelins recules du milieu rural, souvent frapp\u00e9s par la s\u00e9cheresse et la pr\u00e9carit\u00e9. Des plans d\u2019action concernaient l\u2019am\u00e9lioration du niveau de vie des citoyens, \u00e0 travers les programmes INDH et d\u2019autres projets destin\u00e9s \u00e0 l\u2019\u00e9ducation et la formation, \u00e0 la protection et le financement, tel \u00ab\u00a0Ta\u00efssir\u00a0\u00bb, \u00e0 l\u2019offre de soins sanitaires, \u00e0 la dotation en eau potable et l\u2019\u00e9lectrification du monde rural et montagneux, au programme national des routes et celui de la lutte contre les disparit\u00e9s sociales et territoriales du milieu rural, ax\u00e9 surtout sur les infrastructures et les services sociaux \u00e9l\u00e9mentaires\u2026<\/p>\n<p class=\"has-black-color has-text-color\"><strong>Hormis ces actions de multiples provenances, sur quelle plus-value porte votre proposition, \u00e0 ce propos, d\u2019autant plus que ces bienfaits semblent en de\u00e7\u00e0 des attentes escompt\u00e9es\u00a0?<\/strong><\/p>\n<p class=\"has-black-color has-text-color\">Il est bien \u00e9vident que le constat enregistr\u00e9 \u00e0 cet \u00e9gard, n\u2019est pas tout \u00e0 fait satisfaisant, au plan de la suffisance souhait\u00e9e. C\u2019est la raison pour laquelle, on estime qu\u2019il est justement judicieux de vivifier ce secteur en lui cr\u00e9ant un cadre institutionnel et juridique sp\u00e9cifique \u00e0 la montagne en vue de pr\u00e9server ses richesses f\u00e9condes, assouvir les besoins insistantes des populations montagnardes, valoriser toutes ces potentialit\u00e9s intrins\u00e8ques, gratifier tous ces fervents d\u00e9positaires des terres des a\u00efeux s\u00e9culaires. A titre d\u2019exemple, le splendide site montagneux d\u2019Immouzzer Ida Outanane sis dans l\u2019arri\u00e8re pays d\u2019Agadir est totalement abandonn\u00e9 alors qu\u2019il pourrait faire l\u2019objet de centre de tourisme de premier ordre, avec des sentiers p\u00e9destres, des g\u00eetes et maisons d\u2019h\u00f4te, des aires de loisirs et de d\u00e9tente, des stations sportives, avec les prestigieux jets de cascades\u2026 L\u2019am\u00e9nagement de ces sites, entre autres dans le pays, regorgeant de flore de nombre d\u2019esp\u00e8ces v\u00e9g\u00e9tales, impulseraient les deux stations baln\u00e9aires d\u2019Agadir et de Taghazoute et dynamiseraient le secteur de tourisme, en qu\u00eate de refuges divertissants afin de casser l\u2019ennui de la bronze sous le soleil. Pour ce faire, on a donc propos\u00e9 la cr\u00e9ation d\u2019un \u00e9tablissement public, d\u00e9nomm\u00e9 \u00ab\u00a0Conseil National des Zones Montagneuses\u00a0\u00bb et des Agences sp\u00e9ciales s\u2019y apparentes, \u00e0 l\u2019instar des diverses agences du royaume pour le d\u00e9veloppement des zones du Sud et Nord. \u00a0\u00a0\u00a0\u00a0\u00a0\u00a0\u00a0\u00a0\u00a0\u00a0\u00a0\u00a0\u00a0\u00a0\u00a0\u00a0\u00a0\u00a0\u00a0\u00a0\u00a0\u00a0<\/p>\n<p>L\u2019article <a rel=\"nofollow\" href=\"http:\/\/albayane.press.ma\/la-montagne-constitue-un-vivier-de-richesses-a-proteger-et-valoriser.html\">La montagne constitue un vivier de richesses \u00e0 prot\u00e9ger et valoriser<\/a> est apparu en premier sur <a rel=\"nofollow\" href=\"http:\/\/albayane.press.ma\/\">ALBAYANE<\/a>.<\/p>\n<\/div>\n<p>Auteur: M&rsquo;hammed rahal<br \/>\n<a href=\"http:\/\/albayane.press.ma\/la-montagne-constitue-un-vivier-de-richesses-a-proteger-et-valoriser.html\">Cliquez ici pour lire l&rsquo;article depuis sa source.<\/a><\/p>\n","protected":false},"excerpt":{"rendered":"<p>Entretien avec Addi Chagiri, d\u00e9put\u00e9 au groupe du PPS Propos recueillis par Saoudi El Amalki On ne pr\u00e9sentera plus Addi Chagiri, \u00e9lues lors des derni\u00e8res \u00e9lections \u00e0 la circonscription de \u00a0Tinghir. Homme de valeur et de qualit\u00e9 pour les principes de probit\u00e9 et de rectitude dont il ne cesse de faire preuve aussi bien dans [&hellip;]<\/p>\n","protected":false},"author":1760,"featured_media":0,"comment_status":"closed","ping_status":"closed","sticky":false,"template":"","format":"standard","meta":{"fifu_image_url":"","fifu_image_alt":"","footnotes":""},"categories":[73,54],"tags":[],"class_list":["post-137915","post","type-post","status-publish","format-standard","hentry","category-actualite","category-maroc"],"_links":{"self":[{"href":"https:\/\/linitiative.ca\/International\/wp-json\/wp\/v2\/posts\/137915","targetHints":{"allow":["GET"]}}],"collection":[{"href":"https:\/\/linitiative.ca\/International\/wp-json\/wp\/v2\/posts"}],"about":[{"href":"https:\/\/linitiative.ca\/International\/wp-json\/wp\/v2\/types\/post"}],"author":[{"embeddable":true,"href":"https:\/\/linitiative.ca\/International\/wp-json\/wp\/v2\/users\/1760"}],"replies":[{"embeddable":true,"href":"https:\/\/linitiative.ca\/International\/wp-json\/wp\/v2\/comments?post=137915"}],"version-history":[{"count":0,"href":"https:\/\/linitiative.ca\/International\/wp-json\/wp\/v2\/posts\/137915\/revisions"}],"wp:attachment":[{"href":"https:\/\/linitiative.ca\/International\/wp-json\/wp\/v2\/media?parent=137915"}],"wp:term":[{"taxonomy":"category","embeddable":true,"href":"https:\/\/linitiative.ca\/International\/wp-json\/wp\/v2\/categories?post=137915"},{"taxonomy":"post_tag","embeddable":true,"href":"https:\/\/linitiative.ca\/International\/wp-json\/wp\/v2\/tags?post=137915"}],"curies":[{"name":"wp","href":"https:\/\/api.w.org\/{rel}","templated":true}]}}