{"id":137916,"date":"2022-01-06T13:00:00","date_gmt":"2022-01-06T18:00:00","guid":{"rendered":"https:\/\/linitiative.ca\/International\/installation-du-comite-national-charge-de-lexecution\/"},"modified":"2022-01-06T13:00:00","modified_gmt":"2022-01-06T18:00:00","slug":"installation-du-comite-national-charge-de-lexecution","status":"publish","type":"post","link":"https:\/\/linitiative.ca\/International\/installation-du-comite-national-charge-de-lexecution\/","title":{"rendered":"Installation du Comit\u00e9 national charg\u00e9 de l\u2019ex\u00e9cution"},"content":{"rendered":"<div>\n<p class=\"has-text-align-center has-vivid-cyan-blue-color has-text-color\"><strong>Sanctions du CS sur le terrorisme et la prolif\u00e9ration des armes et leur financement<\/strong><\/p>\n<p class=\"has-black-color has-text-color\"><strong>Le Comit\u00e9 national charg\u00e9 de l\u2019ex\u00e9cution des sanctions du Conseil de s\u00e9curit\u00e9 de l\u2019ONU en lien avec le terrorisme et la prolif\u00e9ration des armes et leur financement a \u00e9t\u00e9 install\u00e9, mercredi \u00e0 Rabat, en pr\u00e9sence des hauts responsables des institutions concern\u00e9es.<\/strong><\/p>\n<p class=\"has-black-color has-text-color\">Le Comit\u00e9 est plac\u00e9 sous la pr\u00e9sidence du ministre de la Justice et comprend parmi ses membres les repr\u00e9sentants de 15 instances gouvernementales, judiciaires, s\u00e9curitaires et financi\u00e8res.<\/p>\n<p class=\"has-black-color has-text-color\">La mise en place de ce m\u00e9canisme juridique intervient dans le sillage du respect par le Royaume de ses engagements internationaux et de la mise en ad\u00e9quation de son syst\u00e8me avec les normes mondiales, essentiellement les r\u00e9solutions du Conseil de s\u00e9curit\u00e9 et les recommandations du Groupe d\u2019action financi\u00e8re (GAFI), appelant les Etats \u00e0 se doter des dispositions et instructions efficaces pour l\u2019application desdites sanctions.<\/p>\n<p class=\"has-black-color has-text-color\">Le Comit\u00e9 devra, notamment, se pencher sur l\u2019activation des mesures de gel des biens des personnes physiques ou morales dont les noms sont cit\u00e9es dans les r\u00e9solutions du Conseil de s\u00e9curit\u00e9, ainsi que sur la mise en \u0153uvre des d\u00e9cisions d\u2019interdiction de voyager selon les r\u00e8gles en vigueur.<\/p>\n<p class=\"has-black-color has-text-color\">La cr\u00e9ation de la nouvelle entit\u00e9 a \u00e9t\u00e9 act\u00e9e dans l\u2019article 32 de la loi 12.18 modifiant et compl\u00e9tant le Code p\u00e9nal et la loi 43.05 relative \u00e0 la lutte contre le blanchiment des capitaux, qui a d\u00e9termin\u00e9 la composition et le mode de fonctionnement du Comit\u00e9 (Bulletin officiel N\u00b0 7.014, 19 ao\u00fbt 2021).<\/p>\n<p class=\"has-black-color has-text-color\">Au cours de cette c\u00e9r\u00e9monie, le ministre de la Justice, Abdellatif Ouahbi, a soulign\u00e9 le r\u00f4le que va jouer le Comit\u00e9 dans le renforcement du syst\u00e8me national de lutte contre le terrorisme et la prolif\u00e9ration des armes, notant que son d\u00e9partement, en tant qu\u2019autorit\u00e9 de tutelle, a pris des mesures op\u00e9rationnelles pour faciliter la mission de la nouvelle instance, notamment la r\u00e9servation d\u2019une salle de r\u00e9union et la cr\u00e9ation d\u2019un site \u00e9lectronique et d\u2019une plateforme du r\u00e8glement int\u00e9rieur.<\/p>\n<p class=\"has-black-color has-text-color\">L\u2019installation de cette instance t\u00e9moigne de la volont\u00e9 sinc\u00e8re du Maroc, sous la conduite de Sa Majest\u00e9 le Roi Mohammed VI, d\u2019ass\u00e9cher les sources des fonds illicites et de faire respecter le syst\u00e8me juridique international en la mati\u00e8re.<\/p>\n<p class=\"has-black-color has-text-color\">Le procureur g\u00e9n\u00e9ral du Roi pr\u00e8s la Cour de Cassation, pr\u00e9sident du Minist\u00e8re public, El Hassan Daki a assur\u00e9 que le nouveau m\u00e9canisme apporte une r\u00e9ponse \u00e0 une s\u00e9rie de probl\u00e8mes juridiques r\u00e9sultant de l\u2019absence d\u2019un cadre op\u00e9rationnel et institutionnel int\u00e9gr\u00e9 pour l\u2019ex\u00e9cution des sanctions financi\u00e8res du Conseil de s\u00e9curit\u00e9, particuli\u00e8rement celles relatives au gel imm\u00e9diat des biens des personnes et entit\u00e9s concern\u00e9es et \u00e0 la d\u00e9termination des conditions requises pour inscrire des personnes sur ces listes.<\/p>\n<p class=\"has-black-color has-text-color\">Il a rappel\u00e9 qu\u2019il existait une confusion sur l\u2019identit\u00e9 de la partie habilit\u00e9e l\u00e9galement \u00e0 mettre en application ces d\u00e9cisions, dans la mesure o\u00f9 les r\u00e9solutions du Conseil de s\u00e9curit\u00e9 n\u2019ont pas la force des d\u00e9cisions de justice pouvant \u00eatre ex\u00e9cut\u00e9es par les juridictions du Royaume.<\/p>\n<p class=\"has-black-color has-text-color\">Le d\u00e9fi consiste d\u00e9sormais \u00e0 faire r\u00e9ussir ce m\u00e9canisme en s\u2019appuyant sur les bonnes pratiques dans les exp\u00e9riences compar\u00e9es et d\u2019\u00e9laborer un plan d\u2019action totalement impr\u00e9gn\u00e9 des crit\u00e8res du GAFI, avec tout ce que cela requiert en termes d\u2019imm\u00e9diatet\u00e9, d\u2019efficacit\u00e9 et d\u2019efficience au moment de l\u2019ex\u00e9cution des sanctions onusiennes, a-t-il consid\u00e9r\u00e9.<\/p>\n<p class=\"has-black-color has-text-color\">La cr\u00e9ation du Comit\u00e9 contribuera, sans nul doute, \u00e0 d\u00e9passer les remarques n\u00e9gatives contenues dans le rapport d\u2019\u00e9valuation mutuel et \u00e0 soutenir les efforts du Royaume \u00e0 sortir de la situation de suivi renforc\u00e9, surtout \u00e0 la lumi\u00e8re de la dynamique positive dans laquelle se sont engag\u00e9s un ensemble de d\u00e9partements et instances nationaux concern\u00e9s par ce chantier, a assur\u00e9 M. Daki.<\/p>\n<p class=\"has-black-color has-text-color\">Il a, \u00e0 ce propos, fait \u00e9tat des r\u00e9sultats positifs obtenus gr\u00e2ce \u00e0 cet engagement, notamment la r\u00e9alisation de 651 poursuites pour blanchiment de capitaux, avec tout ce que cela signifie comme recherches financi\u00e8res parall\u00e8les.<\/p>\n<p class=\"has-black-color has-text-color\">Pour sa part, le premier pr\u00e9sident de la Cour de Cassation, pr\u00e9sident d\u00e9l\u00e9gu\u00e9 du Conseil sup\u00e9rieur de l\u2019autorit\u00e9 judiciaire (CSPJ), Mohamed Abdennabaoui a salu\u00e9 l\u2019installation officielle de cette instance, qui d\u00e9montre une volont\u00e9 r\u00e9elle de se conformer aux normes internationales en mati\u00e8re de lutte contre le terrorisme, de m\u00eame qu\u2019elle conforte la cr\u00e9dibilit\u00e9 du Royaume en la mati\u00e8re.<\/p>\n<p class=\"has-black-color has-text-color\">M. Abdennabaoui a, de m\u00eame, soulign\u00e9 l\u2019int\u00e9r\u00eat accord\u00e9 par les autorit\u00e9s marocaines \u00e0 la coop\u00e9ration internationale en mati\u00e8re de lutte contre le financement du terrorisme, relevant que le processus de cr\u00e9ation du Comit\u00e9 s\u2019est acc\u00e9l\u00e9r\u00e9e au cours des six derniers mois avec l\u2019adoption des modifications l\u00e9gislatives n\u00e9cessaires.<\/p>\n<p class=\"has-black-color has-text-color\">De son c\u00f4t\u00e9, le pr\u00e9sident de l\u2019Unit\u00e9 de traitement du renseignement financier, Jawhar Nfissi, a soulign\u00e9 la dynamique que connait la lutte contre le financement du terrorisme au Maroc au cours des quatre derni\u00e8res ann\u00e9es, gr\u00e2ce aux efforts des diff\u00e9rents intervenants.<\/p>\n<p class=\"has-black-color has-text-color\">Le Royaume est devenu un exemple au niveau international en la mati\u00e8re, ce qui est de nature \u00e0 conforter sa place de leadership et contribuer \u00e0 la promotion de la paix et de la s\u00fbret\u00e9, a-t-il dit.<\/p>\n<p class=\"has-black-color has-text-color\">Le gouverneur de Bank Al-Maghrib, Abdellatif Jouahri, a annonc\u00e9 la prochaine organisation d\u2019ateliers de formation en janvier et f\u00e9vrier, avec la participation d\u2019experts internationaux, assurant que son institution veillera \u00e0 impliquer le minist\u00e8re de la Justice et l\u2019Unit\u00e9 de traitement du renseignement financier \u00e0 cette activit\u00e9.<\/p>\n<p>L\u2019article <a rel=\"nofollow\" href=\"http:\/\/albayane.press.ma\/installation-du-comite-national-charge-de-lexecution.html\">Installation du Comit\u00e9 national charg\u00e9 de l\u2019ex\u00e9cution<\/a> est apparu en premier sur <a rel=\"nofollow\" href=\"http:\/\/albayane.press.ma\/\">ALBAYANE<\/a>.<\/p>\n<\/div>\n<p>Auteur: M&rsquo;hammed rahal<br \/>\n<a href=\"http:\/\/albayane.press.ma\/installation-du-comite-national-charge-de-lexecution.html\">Cliquez ici pour lire l&rsquo;article depuis sa source.<\/a><\/p>\n","protected":false},"excerpt":{"rendered":"<p>Sanctions du CS sur le terrorisme et la prolif\u00e9ration des armes et leur financement Le Comit\u00e9 national charg\u00e9 de l\u2019ex\u00e9cution des sanctions du Conseil de s\u00e9curit\u00e9 de l\u2019ONU en lien avec le terrorisme et la prolif\u00e9ration des armes et leur financement a \u00e9t\u00e9 install\u00e9, mercredi \u00e0 Rabat, en pr\u00e9sence des hauts responsables des institutions concern\u00e9es. [&hellip;]<\/p>\n","protected":false},"author":1760,"featured_media":0,"comment_status":"closed","ping_status":"closed","sticky":false,"template":"","format":"standard","meta":{"fifu_image_url":"","fifu_image_alt":"","footnotes":""},"categories":[73,54],"tags":[],"class_list":["post-137916","post","type-post","status-publish","format-standard","hentry","category-actualite","category-maroc"],"_links":{"self":[{"href":"https:\/\/linitiative.ca\/International\/wp-json\/wp\/v2\/posts\/137916","targetHints":{"allow":["GET"]}}],"collection":[{"href":"https:\/\/linitiative.ca\/International\/wp-json\/wp\/v2\/posts"}],"about":[{"href":"https:\/\/linitiative.ca\/International\/wp-json\/wp\/v2\/types\/post"}],"author":[{"embeddable":true,"href":"https:\/\/linitiative.ca\/International\/wp-json\/wp\/v2\/users\/1760"}],"replies":[{"embeddable":true,"href":"https:\/\/linitiative.ca\/International\/wp-json\/wp\/v2\/comments?post=137916"}],"version-history":[{"count":0,"href":"https:\/\/linitiative.ca\/International\/wp-json\/wp\/v2\/posts\/137916\/revisions"}],"wp:attachment":[{"href":"https:\/\/linitiative.ca\/International\/wp-json\/wp\/v2\/media?parent=137916"}],"wp:term":[{"taxonomy":"category","embeddable":true,"href":"https:\/\/linitiative.ca\/International\/wp-json\/wp\/v2\/categories?post=137916"},{"taxonomy":"post_tag","embeddable":true,"href":"https:\/\/linitiative.ca\/International\/wp-json\/wp\/v2\/tags?post=137916"}],"curies":[{"name":"wp","href":"https:\/\/api.w.org\/{rel}","templated":true}]}}