{"id":137917,"date":"2022-01-06T13:00:00","date_gmt":"2022-01-06T18:00:00","guid":{"rendered":"https:\/\/linitiative.ca\/International\/le-cinema-marocain-a-lhonneur-dans-les-salles-obscures\/"},"modified":"2022-01-06T13:00:00","modified_gmt":"2022-01-06T18:00:00","slug":"le-cinema-marocain-a-lhonneur-dans-les-salles-obscures","status":"publish","type":"post","link":"https:\/\/linitiative.ca\/International\/le-cinema-marocain-a-lhonneur-dans-les-salles-obscures\/","title":{"rendered":"Le cin\u00e9ma marocain \u00e0 l\u2019honneur dans les salles obscures"},"content":{"rendered":"<div>\n<p class=\"has-text-align-center has-vivid-red-color has-text-color\"><strong>The Punch, Zanka Contact, Al Kanz, 30 Melyoun, Mica<\/strong><\/p>\n<p class=\"has-black-color has-text-color\"><strong>Les salles obscures du Royaume hissent le drapeau du 7<sup>\u00e8me<\/sup> \u00a0art national. En ce d\u00e9but d\u2019ann\u00e9e 2022, pas moins de cinq productions cin\u00e9matographiques marocaines sont \u00e0 l\u2019affiche. Une surprenante et singuli\u00e8re programmation dont Lib\u00e9 fait la pr\u00e9sentation.<\/strong><\/p>\n<p class=\"has-black-color has-text-color\"><strong>\u00ab\u00a0The Punch\u00a0\u00bb<\/strong><\/p>\n<p class=\"has-black-color has-text-color\">R\u00e9alis\u00e9 par Mohamed Amine Mouna, ce long m\u00e9trage raconte l\u2019histoire ordinaire et l\u2019ascension singuli\u00e8re, sem\u00e9e d\u2019emb\u00fbches, d\u2019un jeune ch\u00f4meur \u00e0 qui la vie n\u2019a pas fait que des cadeaux. En exploitant, de mani\u00e8re quoique trop sporadique, les particularit\u00e9s du genre et ses ficelles, la trame sc\u00e9naristique du film conforte l\u2019id\u00e9e qu\u2019il est plus agr\u00e9able de savourer le haut, en partant du bas de l\u2019\u00e9chelle.<\/p>\n<p class=\"has-black-color has-text-color\">Rabii, le h\u00e9ros englu\u00e9 dans un quotidien aussi mis\u00e9rable que frustrant, se voit offrir une chance quand le destin met Mustapha sur son chemin. Un ancien boxeur rat\u00e9 et un alcoolique notoire. Anim\u00e9 par une f\u00e9roce volont\u00e9 de r\u00e9ussite, le duo, interpr\u00e9t\u00e9 par Sandya Tajjedine et Abdesslam Bouhssini, trace sa route en \u00e9vitant les haineux, nombreux par m\u00e8tre carr\u00e9, tout en s\u2019accrochant \u00e0 un r\u00eave a priori irr\u00e9alisable.<\/p>\n<p class=\"has-black-color has-text-color\">Le film \u00abThe punch\u00bb qui a remport\u00e9 plusieurs prix, notamment, le prix du meilleur film arabe (prix Nour Al Sharif) de la 36\u00e8me \u00e9dition du Festival d\u2019Alexandrie du film m\u00e9diterran\u00e9en et le prix du meilleur r\u00f4le masculin (prix Omar Sharif) d\u00e9cern\u00e9 \u00e0 l\u2019acteur Rabii Aklim, a \u00e9galement \u00e9t\u00e9 \u00e0 l\u2019honneur au Festival national de Tanger, avec le prix du montage d\u00e9cern\u00e9 \u00e0 Julien Four\u00e9.<\/p>\n<p class=\"has-black-color has-text-color\"><strong>\u00ab\u00a0Burning Casablanca \/ Zanka Contact\u00a0\u00bb<\/strong><\/p>\n<p class=\"has-black-color has-text-color\">Les drames o\u00f9 la musique est omnipr\u00e9sente, c\u2019est les meilleurs. Tout au long des deux heures que dure Burning Casablanca ou Zanka Contact, selon les versions, \u00a0r\u00e9alis\u00e9 par Isma\u00ebl El Iraki, la musique rythme les \u00e9motions. Autant celles des acteurs que du public. Il n\u2019en fallait pas moins pour mettre en sc\u00e8ne l\u2019histoire de Larsen Snake, interpr\u00e9t\u00e9 par Ahmed Hammoud, une rock star d\u00e9chue, contraint et forc\u00e9 \u00e0 un retour aux sources finalement salvateur. Les rencontres rythment nos vies. Dans le cin\u00e9ma aussi. En rentrant \u00e0 Casablanca, Larsen Snake, au fond du gouffre, n\u2019imaginait pas que sa vie allait reprendre des couleurs quand il a crois\u00e9 Rajae (Khansa Batma), une chanteuse \u00e0 la voix \u00e9lectrique et hypnotisante. Apr\u00e8s la musique, l\u2019amour les liera pour le meilleur comme pour le pire. Et surtout pour le pire, au moment o\u00f9 les d\u00e9mons de leur pass\u00e9 les rattraperont.<\/p>\n<p class=\"has-black-color has-text-color\"><strong>\u00ab\u00a0Al Kanz\u00a0\u00bb<\/strong><\/p>\n<p class=\"has-black-color has-text-color\">Pour l\u2019originalit\u00e9, il va falloir repasser. Al Kanz, d\u2019Omar Ghoufrane, manque singuli\u00e8rement de subtilit\u00e9, comme en t\u00e9moigne l\u2019affiche du film qui raconte les p\u00e9riples de Jad. Un jeune homme d\u00e9cid\u00e9 \u00e0 partir \u00e0 la chasse au tr\u00e9sor, une fois que le hasard lui a mis entre les mains une carte, enterr\u00e9 par son d\u00e9funt grand-p\u00e8re. Second\u00e9 par Hamdan, dans la peau d\u2019un chauffeur de taxi, Jad se lance dans une aventure dont l\u2019\u00e9pilogue devrait le mener au tr\u00e9sor cach\u00e9. Mais tout ne se passe pas comme pr\u00e9vu dans cette com\u00e9die aux multiples t\u00eates d\u2019affiche, parmi lesquelles on retrouve Tarik Boukhari, Soukaina Darabil, Mouhmed El Haodi,Jamal Lababsi, Meryam Kadmiri.<\/p>\n<p class=\"has-black-color has-text-color\"><strong>\u00ab\u00a030 melyoun\u00a0\u00bb<\/strong><\/p>\n<p class=\"has-black-color has-text-color\">Il faut avoir un sens de l\u2019humour particulier pour appr\u00e9cier cette com\u00e9die d\u2019un peu plus d\u2019une heure trente. Un mic mac qui ne tire pas forc\u00e9ment \u00e0 larigot, narrant l\u2019histoire d\u2019un prisonnier, Samy, dont la libert\u00e9 est d\u00e9pendante d\u2019une exorbitante caution. Heureusement pour lui, ses fid\u00e8les amis sont d\u00e9termin\u00e9s \u00e0 l\u2019aider. Mais 300.000 DH, \u00e7a ne se trouve pas sous le sabot d\u2019un cheval. La qu\u00eate effr\u00e9n\u00e9e des 30 millions obligera Hicham, Zouhair, Sarah et Amal \u00e0 braver les interdits pour sortir de prison leur ami, au risque de l\u2019y rejoindre. Ce film \u00e0 mi-chemin entre les films d\u2019action et les com\u00e9dies, r\u00e9alis\u00e9 par Rabii Shajid, ne restera pas grav\u00e9 \u00e0 jamais dans les livres d\u2019histoire du cin\u00e9ma marocain. Mais il a au moins le m\u00e9rite d\u2019oser s\u2019attaquer \u00e0 un genre difficile \u00e0 traiter \u00e0 cause de sa banalit\u00e9.<\/p>\n<p class=\"has-black-color has-text-color\"><strong>\u00ab\u00a0Mica\u00a0\u00bb<\/strong><\/p>\n<p class=\"has-black-color has-text-color\">\u201cMica\u201d, le dernier long m\u00e9trage d\u2019Isma\u00ebl Ferroukhi, sorti en salle, nous plonge dans un univers o\u00f9 cohabitent le mal et le bien, l\u2019espoir et le d\u00e9sespoir. Un dualisme pr\u00e9gnant tout au long du long m\u00e9trage, refl\u00e9t\u00e9 par une qu\u00eate impossible, et \u00e0 l\u2019image d\u2019une soci\u00e9t\u00e9 marocaine o\u00f9 se confondent des individus appartenant \u00e0 des classes sociales diam\u00e9tralement oppos\u00e9es, mais qui, au bout du compte, convergent vers un seul et m\u00eame d\u00e9sir, celui d\u2019une meilleure vie.<\/p>\n<p class=\"has-black-color has-text-color\">Dans ce film produit par Lamia Chra\u00efbi (La Prod), on commence tout en bas pour finir tout en haut avant d\u2019\u00eatre violemment projet\u00e9 \u00e0 terre. Mica, interpr\u00e9t\u00e9 par e novice et non moins talentueux Zakaria Inan, est contraint de quitter son bidonville, afin d\u2019\u00e9pauler financi\u00e8rement sa famille en travaillant dans un club de tennis casablancais.<\/p>\n<p class=\"has-black-color has-text-color\">Des institutions \u00e0 l\u2019extr\u00eame oppos\u00e9 de leur devoir d\u2019\u00e9duquer. Anim\u00e9 par une volont\u00e9 de d\u00e9vier le cours de son destin, Mica, d\u00e9peint comme un gamin vaillant, courageux et surtout teigneux, s\u2019\u00e9prend de la petite balle jaune. Son talent brut saute aux yeux de Sophia.<\/p>\n<p class=\"has-black-color has-text-color\">L\u2019excellente Sabrina Ouazani, dans le r\u00f4le d\u2019une ex-championne, va prendre Mica sous son aile pour ne plus le l\u00e2cher. Du moins jusqu\u2019au jour o\u00f9 il a foul\u00e9 la terre battue pour finir sur une terrible d\u00e9ception.<\/p>\n<p>L\u2019article <a rel=\"nofollow\" href=\"http:\/\/albayane.press.ma\/le-cinema-marocain-a-lhonneur-dans-les-salles-obscures.html\">Le cin\u00e9ma marocain \u00e0 l\u2019honneur dans les salles obscures<\/a> est apparu en premier sur <a rel=\"nofollow\" href=\"http:\/\/albayane.press.ma\/\">ALBAYANE<\/a>.<\/p>\n<\/div>\n<p>Auteur: M&rsquo;hammed rahal<br \/>\n<a href=\"http:\/\/albayane.press.ma\/le-cinema-marocain-a-lhonneur-dans-les-salles-obscures.html\">Cliquez ici pour lire l&rsquo;article depuis sa source.<\/a><\/p>\n","protected":false},"excerpt":{"rendered":"<p>The Punch, Zanka Contact, Al Kanz, 30 Melyoun, Mica Les salles obscures du Royaume hissent le drapeau du 7\u00e8me \u00a0art national. En ce d\u00e9but d\u2019ann\u00e9e 2022, pas moins de cinq productions cin\u00e9matographiques marocaines sont \u00e0 l\u2019affiche. Une surprenante et singuli\u00e8re programmation dont Lib\u00e9 fait la pr\u00e9sentation. \u00ab\u00a0The Punch\u00a0\u00bb R\u00e9alis\u00e9 par Mohamed Amine Mouna, ce long [&hellip;]<\/p>\n","protected":false},"author":1760,"featured_media":0,"comment_status":"closed","ping_status":"closed","sticky":false,"template":"","format":"standard","meta":{"fifu_image_url":"","fifu_image_alt":"","footnotes":""},"categories":[73,54],"tags":[],"class_list":["post-137917","post","type-post","status-publish","format-standard","hentry","category-actualite","category-maroc"],"_links":{"self":[{"href":"https:\/\/linitiative.ca\/International\/wp-json\/wp\/v2\/posts\/137917","targetHints":{"allow":["GET"]}}],"collection":[{"href":"https:\/\/linitiative.ca\/International\/wp-json\/wp\/v2\/posts"}],"about":[{"href":"https:\/\/linitiative.ca\/International\/wp-json\/wp\/v2\/types\/post"}],"author":[{"embeddable":true,"href":"https:\/\/linitiative.ca\/International\/wp-json\/wp\/v2\/users\/1760"}],"replies":[{"embeddable":true,"href":"https:\/\/linitiative.ca\/International\/wp-json\/wp\/v2\/comments?post=137917"}],"version-history":[{"count":0,"href":"https:\/\/linitiative.ca\/International\/wp-json\/wp\/v2\/posts\/137917\/revisions"}],"wp:attachment":[{"href":"https:\/\/linitiative.ca\/International\/wp-json\/wp\/v2\/media?parent=137917"}],"wp:term":[{"taxonomy":"category","embeddable":true,"href":"https:\/\/linitiative.ca\/International\/wp-json\/wp\/v2\/categories?post=137917"},{"taxonomy":"post_tag","embeddable":true,"href":"https:\/\/linitiative.ca\/International\/wp-json\/wp\/v2\/tags?post=137917"}],"curies":[{"name":"wp","href":"https:\/\/api.w.org\/{rel}","templated":true}]}}